{"id":657797,"date":"2026-09-05T05:23:12","date_gmt":"2026-09-05T09:23:12","guid":{"rendered":"https:\/\/villanews.com.br\/?p=657797"},"modified":"2026-09-05T05:23:12","modified_gmt":"2026-09-05T09:23:12","slug":"judiciario-de-mt-concede-honraria-aos-ministros-luiz-edson-fachin-e-benedito-goncalves","status":"publish","type":"post","link":"https:\/\/villanews.com.br\/?p=657797","title":{"rendered":"Judici\u00e1rio de MT concede honraria aos ministros Luiz Edson Fachin e Benedito Gon\u00e7alves"},"content":{"rendered":"<div><img decoding=\"async\" src=\"https:\/\/jornaldematogrosso.com.br\/imagens\/658x420\/posts\/2026\/09\/139335_tj-mt-em-evento-3-8a8e8fd6.webp\" \/>\n<div>\n<p>O Poder Judici\u00e1rio de Mato Grosso entregou, nesta sexta-feira (4), a Medalha do M\u00e9rito Judici\u00e1rio \u2013 Desembargador Jos\u00e9 de Mesquita aos ministros Luiz Edson Fachin, presidente do Supremo Tribunal Federal (STF) e do Conselho Nacional de Justi\u00e7a (CNJ), e Benedito Gon\u00e7alves, corregedor nacional de Justi\u00e7a.<\/p>\n<p>A solenidade foi realizada durante o Encontro Regional da Magistratura \u2013 Regi\u00e3o Centro-Oeste, sediado pelo Tribunal de Justi\u00e7a de Mato Grosso (TJMT).<\/p>\n<p>Considerada a mais alta honraria concedida pelo Poder Judici\u00e1rio de Mato Grosso, a medalha foi institu\u00edda pela Resolu\u00e7\u00e3o n\u00ba 6, de 27 de setembro de 1984. A condecora\u00e7\u00e3o reconhece personalidades que contribu\u00edram para o fortalecimento da Justi\u00e7a e para o desenvolvimento do Poder Judici\u00e1rio.<\/p>\n<p>No caso dos ministros, a homenagem foi concedida em reconhecimento ao not\u00e1vel trabalho e \u00e0 trajet\u00f3ria constru\u00edda ao longo de suas carreiras. A entrega foi feita pelo presidente do Tribunal de Justi\u00e7a de Mato Grosso, desembargador Jos\u00e9 Zuquim Nogueira, que destacou a dedica\u00e7\u00e3o dos magistrados e suas contribui\u00e7\u00f5es para o fortalecimento do Poder Judici\u00e1rio brasileiro.<\/p>\n<p>\u201cEssa honraria representa o reconhecimento e a profunda gratid\u00e3o do Poder Judici\u00e1rio de Mato Grosso pelo legado deixado pelos ministros ao Judici\u00e1rio e \u00e0 sociedade brasileira, em especial a sociedade mato-grossense. Que recebam essa honraria como s\u00edmbolo de nossa admira\u00e7\u00e3o e respeito\u201d, destacou o presidente do TJMT.<\/p>\n<p>Encontro Regional<\/p>\n<p>A entrega integrou a programa\u00e7\u00e3o do Encontro Regional da Magistratura, promovido pelo Conselho Nacional de Justi\u00e7a (CNJ). O evento contou com as participa\u00e7\u00f5es de presidentes e corregedores de Justi\u00e7a, desembargadores e ju\u00edzes auxiliares.<\/p>\n<p>A proposta foi criar um espa\u00e7o de di\u00e1logo sobre os desafios enfrentados pelos estados da regi\u00e3o e buscar solu\u00e7\u00f5es que possam contribuir para uma presta\u00e7\u00e3o jurisdicional mais eficiente e pr\u00f3xima da popula\u00e7\u00e3o.<\/p>\n<p>Al\u00e9m de debates e reuni\u00f5es de trabalho, a programa\u00e7\u00e3o do evento teve ainda o painel t\u00e9cnico \u201cIntelig\u00eancia Artificial: \u00c9tica e Humaniza\u00e7\u00e3o\u201d e o an\u00fancio da cria\u00e7\u00e3o do Grupo de Trabalho de Compartilhamento de Provas Relacionadas ao Trabalho Escravo e ao Tr\u00e1fico de Pessoas.  <\/p>\n<p><\/p>\n<\/div>\n<\/div>","protected":false},"excerpt":{"rendered":"<p>O Poder Judici\u00e1rio de Mato Grosso entregou, nesta sexta-feira (4), a Medalha do M\u00e9rito Judici\u00e1rio \u2013 Desembargador Jos\u00e9 de Mesquita&hellip;<\/p>\n","protected":false},"author":4,"featured_media":657798,"comment_status":"open","ping_status":"open","sticky":false,"template":"","format":"standard","meta":{"footnotes":""},"categories":[204],"tags":[],"class_list":["post-657797","post","type-post","status-publish","format-standard","has-post-thumbnail","hentry","category-ultimas-noticias"],"_links":{"self":[{"href":"https:\/\/villanews.com.br\/index.php?rest_route=\/wp\/v2\/posts\/657797","targetHints":{"allow":["GET"]}}],"collection":[{"href":"https:\/\/villanews.com.br\/index.php?rest_route=\/wp\/v2\/posts"}],"about":[{"href":"https:\/\/villanews.com.br\/index.php?rest_route=\/wp\/v2\/types\/post"}],"author":[{"embeddable":true,"href":"https:\/\/villanews.com.br\/index.php?rest_route=\/wp\/v2\/users\/4"}],"replies":[{"embeddable":true,"href":"https:\/\/villanews.com.br\/index.php?rest_route=%2Fwp%2Fv2%2Fcomments&post=657797"}],"version-history":[{"count":0,"href":"https:\/\/villanews.com.br\/index.php?rest_route=\/wp\/v2\/posts\/657797\/revisions"}],"wp:featuredmedia":[{"embeddable":true,"href":"https:\/\/villanews.com.br\/index.php?rest_route=\/wp\/v2\/media\/657798"}],"wp:attachment":[{"href":"https:\/\/villanews.com.br\/index.php?rest_route=%2Fwp%2Fv2%2Fmedia&parent=657797"}],"wp:term":[{"taxonomy":"category","embeddable":true,"href":"https:\/\/villanews.com.br\/index.php?rest_route=%2Fwp%2Fv2%2Fcategories&post=657797"},{"taxonomy":"post_tag","embeddable":true,"href":"https:\/\/villanews.com.br\/index.php?rest_route=%2Fwp%2Fv2%2Ftags&post=657797"}],"curies":[{"name":"wp","href":"https:\/\/api.w.org\/{rel}","templated":true}]}}