{"id":657793,"date":"2026-09-04T10:01:45","date_gmt":"2026-09-04T14:01:45","guid":{"rendered":"https:\/\/villanews.com.br\/?p=657793"},"modified":"2026-09-04T10:01:45","modified_gmt":"2026-09-04T14:01:45","slug":"projeto-de-ranalli-que-cria-rota-do-peixe-em-cuiaba-e-aprovado","status":"publish","type":"post","link":"https:\/\/villanews.com.br\/?p=657793","title":{"rendered":"Projeto de Ranalli que cria Rota do Peixe em Cuiab\u00e1 \u00e9 aprovado"},"content":{"rendered":"<div><img decoding=\"async\" src=\"https:\/\/jornaldematogrosso.com.br\/imagens\/658x420\/posts\/2026\/09\/139331_rafael-ranalli-6a204067.jpeg\" \/>\n<div>\n<p class=\"text-align-justify\">A C\u00e2mara de Cuiab\u00e1 aprovou, na sess\u00e3o ordin\u00e1ria desta ter\u00e7a-feira (1\u00ba de setembro), o projeto de lei do vereador Rafael Ranalli (PL) que transforma a Rota do Peixe de S\u00e3o Gon\u00e7alo Beira Rio em Rota Gastron\u00f4mica Oficial do munic\u00edpio.<\/p>\n<p class=\"text-align-justify\">A proposta reconhece os restaurantes e demais empreendimentos tradicionalmente dedicados \u00e0 comercializa\u00e7\u00e3o de peixes e ao preparo de pratos t\u00edpicos da culin\u00e1ria cuiabana. O objetivo \u00e9 ampliar a visibilidade da comunidade, incentivar o turismo e fortalecer os pequenos comerciantes da regi\u00e3o.<\/p>\n<p class=\"text-align-justify\">Na justificativa, Ranalli destaca que S\u00e3o Gon\u00e7alo Beira Rio \u00e9 um dos principais s\u00edmbolos da identidade cultural de Cuiab\u00e1, com tradi\u00e7\u00f5es ligadas \u00e0 vida ribeirinha, ao artesanato e \u00e0 culin\u00e1ria regional \u00e0 base de peixes.<\/p>\n<p class=\"text-align-justify\">A gastronomia desenvolvida na comunidade j\u00e1 \u00e9 refer\u00eancia entre moradores e turistas. Com o reconhecimento oficial, a inten\u00e7\u00e3o \u00e9 consolidar a regi\u00e3o como polo gastron\u00f4mico da Capital e valorizar as fam\u00edlias respons\u00e1veis pela preserva\u00e7\u00e3o dos sabores e costumes cuiabanos.<\/p>\n<p class=\"text-align-justify\">O projeto tem car\u00e1ter declarat\u00f3rio e cultural. Conforme o texto, a medida n\u00e3o cria despesas obrigat\u00f3rias para a Prefeitura nem estabelece novas obriga\u00e7\u00f5es administrativas ao Executivo.<\/p>\n<p class=\"text-align-justify\">Antes de ser aprovado em plen\u00e1rio, o projeto recebeu pareceres favor\u00e1veis da Comiss\u00e3o de Constitui\u00e7\u00e3o, Justi\u00e7a e Reda\u00e7\u00e3o e da Comiss\u00e3o de Turismo. Na primeira vota\u00e7\u00e3o, realizada no dia 25 de agosto, a proposta recebeu 18 votos favor\u00e1veis, sem votos contr\u00e1rios ou absten\u00e7\u00f5es.<\/p>\n<p class=\"text-align-justify\">Agora, a mat\u00e9ria segue para san\u00e7\u00e3o do prefeito Abilio Brunini (PL).  <\/p>\n<p class=\"text-align-justify\"><\/p>\n<\/div>\n<\/div>","protected":false},"excerpt":{"rendered":"<p>A C\u00e2mara de Cuiab\u00e1 aprovou, na sess\u00e3o ordin\u00e1ria desta ter\u00e7a-feira (1\u00ba de setembro), o projeto de lei do vereador Rafael&hellip;<\/p>\n","protected":false},"author":4,"featured_media":657794,"comment_status":"open","ping_status":"open","sticky":false,"template":"","format":"standard","meta":{"footnotes":""},"categories":[204],"tags":[],"class_list":["post-657793","post","type-post","status-publish","format-standard","has-post-thumbnail","hentry","category-ultimas-noticias"],"_links":{"self":[{"href":"https:\/\/villanews.com.br\/index.php?rest_route=\/wp\/v2\/posts\/657793","targetHints":{"allow":["GET"]}}],"collection":[{"href":"https:\/\/villanews.com.br\/index.php?rest_route=\/wp\/v2\/posts"}],"about":[{"href":"https:\/\/villanews.com.br\/index.php?rest_route=\/wp\/v2\/types\/post"}],"author":[{"embeddable":true,"href":"https:\/\/villanews.com.br\/index.php?rest_route=\/wp\/v2\/users\/4"}],"replies":[{"embeddable":true,"href":"https:\/\/villanews.com.br\/index.php?rest_route=%2Fwp%2Fv2%2Fcomments&post=657793"}],"version-history":[{"count":0,"href":"https:\/\/villanews.com.br\/index.php?rest_route=\/wp\/v2\/posts\/657793\/revisions"}],"wp:featuredmedia":[{"embeddable":true,"href":"https:\/\/villanews.com.br\/index.php?rest_route=\/wp\/v2\/media\/657794"}],"wp:attachment":[{"href":"https:\/\/villanews.com.br\/index.php?rest_route=%2Fwp%2Fv2%2Fmedia&parent=657793"}],"wp:term":[{"taxonomy":"category","embeddable":true,"href":"https:\/\/villanews.com.br\/index.php?rest_route=%2Fwp%2Fv2%2Fcategories&post=657793"},{"taxonomy":"post_tag","embeddable":true,"href":"https:\/\/villanews.com.br\/index.php?rest_route=%2Fwp%2Fv2%2Ftags&post=657793"}],"curies":[{"name":"wp","href":"https:\/\/api.w.org\/{rel}","templated":true}]}}