{"id":657791,"date":"2026-09-04T10:24:39","date_gmt":"2026-09-04T14:24:39","guid":{"rendered":"https:\/\/villanews.com.br\/?p=657791"},"modified":"2026-09-04T10:24:39","modified_gmt":"2026-09-04T14:24:39","slug":"municipios-tem-ate-8-de-setembro-para-concluir-escolha-de-livros-didaticos-para-o-ensino-fundamental","status":"publish","type":"post","link":"https:\/\/villanews.com.br\/?p=657791","title":{"rendered":"Munic\u00edpios t\u00eam at\u00e9 8 de setembro para concluir escolha de livros did\u00e1ticos para o ensino fundamental"},"content":{"rendered":"<div><img decoding=\"async\" src=\"https:\/\/jornaldematogrosso.com.br\/imagens\/658x420\/posts\/2026\/09\/139332_livros-didaticos-5afbc493.jpeg\" \/>\n<div>\n<p>A Associa\u00e7\u00e3o Mato-grossense dos Munic\u00edpios (AMM) encaminhou comunicado aos prefeitos de Mato Grosso alertando sobre o prazo para a escolha dos livros did\u00e1ticos do Programa Nacional do Livro e do Material Did\u00e1tico (PNLD) destinado aos anos iniciais do ensino fundamental (ciclo 2027-2030). <\/p>\n<p>Conforme informa\u00e7\u00f5es do Fundo Nacional de Desenvolvimento da Educa\u00e7\u00e3o (FNDE), o per\u00edodo de sele\u00e7\u00e3o das obras j\u00e1 est\u00e1 aberto e deve ser realizado at\u00e9 o dia 8 de setembro de 2026, exclusivamente pelo Sistema PNLD Gest\u00e3o, com acesso por meio da plataforma gov.br.<\/p>\n<p>A escolha deve ser feita pelos diretores e professores das escolas p\u00fablicas aptas a participar do programa e est\u00e1 organizada em tr\u00eas categorias: Categoria 1, destinada aos estudantes do 1\u00ba e 2\u00ba anos do ensino fundamental (escolha obrigat\u00f3ria); Categoria 2, voltada aos alunos do 3\u00ba, 4\u00ba e 5\u00ba anos (escolha obrigat\u00f3ria); e Categoria 3, que contempla do 1\u00ba ao 5\u00ba ano (escolha optativa).<\/p>\n<p>A AMM destaca que o PNLD \u00e9 uma pol\u00edtica fundamental para garantir o direito \u00e0 educa\u00e7\u00e3o e contribuir para o fortalecimento das aprendizagens nos anos iniciais do ensino fundamental. Por isso, orienta os gestores municipais a tratarem o processo de escolha como uma agenda da pol\u00edtica educacional local, envolvendo as equipes t\u00e9cnicas das secretarias, gestores escolares, coordenadores pedag\u00f3gicos e professores.<\/p>\n<p>A institui\u00e7\u00e3o recomenda ainda que as secretarias municipais de Educa\u00e7\u00e3o acompanhem diariamente o andamento do processo e ofere\u00e7am suporte \u00e0s unidades escolares que ainda n\u00e3o conclu\u00edram a sele\u00e7\u00e3o das obras, considerando a proximidade do encerramento do prazo oficial.<\/p>\n<p>O PNLD tem como objetivo disponibilizar materiais did\u00e1ticos e pedag\u00f3gicos para as redes p\u00fablicas de ensino, contribuindo para a melhoria da aprendizagem e para o desenvolvimento da educa\u00e7\u00e3o b\u00e1sica no pa\u00eds.  <\/p>\n<p><\/p>\n<\/div>\n<\/div>","protected":false},"excerpt":{"rendered":"<p>A Associa\u00e7\u00e3o Mato-grossense dos Munic\u00edpios (AMM) encaminhou comunicado aos prefeitos de Mato Grosso alertando sobre o prazo para a escolha&hellip;<\/p>\n","protected":false},"author":4,"featured_media":657792,"comment_status":"open","ping_status":"open","sticky":false,"template":"","format":"standard","meta":{"footnotes":""},"categories":[204],"tags":[],"class_list":["post-657791","post","type-post","status-publish","format-standard","has-post-thumbnail","hentry","category-ultimas-noticias"],"_links":{"self":[{"href":"https:\/\/villanews.com.br\/index.php?rest_route=\/wp\/v2\/posts\/657791","targetHints":{"allow":["GET"]}}],"collection":[{"href":"https:\/\/villanews.com.br\/index.php?rest_route=\/wp\/v2\/posts"}],"about":[{"href":"https:\/\/villanews.com.br\/index.php?rest_route=\/wp\/v2\/types\/post"}],"author":[{"embeddable":true,"href":"https:\/\/villanews.com.br\/index.php?rest_route=\/wp\/v2\/users\/4"}],"replies":[{"embeddable":true,"href":"https:\/\/villanews.com.br\/index.php?rest_route=%2Fwp%2Fv2%2Fcomments&post=657791"}],"version-history":[{"count":0,"href":"https:\/\/villanews.com.br\/index.php?rest_route=\/wp\/v2\/posts\/657791\/revisions"}],"wp:featuredmedia":[{"embeddable":true,"href":"https:\/\/villanews.com.br\/index.php?rest_route=\/wp\/v2\/media\/657792"}],"wp:attachment":[{"href":"https:\/\/villanews.com.br\/index.php?rest_route=%2Fwp%2Fv2%2Fmedia&parent=657791"}],"wp:term":[{"taxonomy":"category","embeddable":true,"href":"https:\/\/villanews.com.br\/index.php?rest_route=%2Fwp%2Fv2%2Fcategories&post=657791"},{"taxonomy":"post_tag","embeddable":true,"href":"https:\/\/villanews.com.br\/index.php?rest_route=%2Fwp%2Fv2%2Ftags&post=657791"}],"curies":[{"name":"wp","href":"https:\/\/api.w.org\/{rel}","templated":true}]}}