{"id":657789,"date":"2026-09-03T06:49:58","date_gmt":"2026-09-03T10:49:58","guid":{"rendered":"https:\/\/villanews.com.br\/?p=657789"},"modified":"2026-09-03T06:49:58","modified_gmt":"2026-09-03T10:49:58","slug":"famato-leva-acoes-de-capacitacao-educacao-e-valorizacao-do-campo-a-tres-eventos-em-mato-grosso","status":"publish","type":"post","link":"https:\/\/villanews.com.br\/?p=657789","title":{"rendered":"Famato leva a\u00e7\u00f5es de capacita\u00e7\u00e3o, educa\u00e7\u00e3o e valoriza\u00e7\u00e3o do campo a tr\u00eas eventos em Mato Grosso"},"content":{"rendered":"<div><img decoding=\"async\" src=\"https:\/\/jornaldematogrosso.com.br\/imagens\/658x420\/posts\/2026\/09\/139329_famato-em-evento-6-384fb42b.jpeg\" \/>\n<div>\n<p>O Sistema Federa\u00e7\u00e3o da Agricultura e Pecu\u00e1ria de Mato Grosso (Sistema Famato) estar\u00e1 presente em tr\u00eas eventos agropecu\u00e1rios realizados entre os dias 3 e 6 de setembro, em Pedra Preta, Santo Ant\u00f4nio do Leverger e Aripuan\u00e3. Por meio do Servi\u00e7o Nacional de Aprendizagem Rural de Mato Grosso (Senar MT), a programa\u00e7\u00e3o re\u00fane atividades gastron\u00f4micas, educativas e de valoriza\u00e7\u00e3o da produ\u00e7\u00e3o rural, levando conhecimento e servi\u00e7os para o p\u00fablico das exposi\u00e7\u00f5es.<\/p>\n<p>Na 39\u00aa Expopedra, em Pedra Preta, a programa\u00e7\u00e3o acontece de 3 a 6 de setembro, sempre \u00e0s 19h, com a Vitrine Sabores do Agro. A cada dia, uma prote\u00edna ser\u00e1 apresentada ao p\u00fablico: bovina, no dia 3; frango, no dia 4; ovina, no dia 5; e su\u00edna, no dia 6. As demonstra\u00e7\u00f5es s\u00e3o conduzidas por instrutores credenciados pelo Senar MT, que apresentam cortes, t\u00e9cnicas de preparo e formas de aproveitamento das carnes, seguidas de degusta\u00e7\u00e3o.<\/p>\n<p>A feira tamb\u00e9m receber\u00e1 a Carreta Pequenos do Agro, e nos dias 3 e 4, acompanhada de apresenta\u00e7\u00f5es do programa. A iniciativa leva atividades educativas para crian\u00e7as e adolescentes, utilizando uma abordagem l\u00fadica para apresentar o universo rural, a produ\u00e7\u00e3o de alimentos e a import\u00e2ncia do trabalho realizado no campo. A proposta \u00e9 aproximar as novas gera\u00e7\u00f5es do agro e mostrar como a atividade rural est\u00e1 presente no cotidiano da sociedade.<\/p>\n<p>Em Santo Ant\u00f4nio do Leverger, o Sistema Famato estar\u00e1 na Festa do Pe\u00e3o Pantaneiro 2026, realizada na Agrovila das Palmeiras. As atividades come\u00e7am \u00e0s 18h e seguem at\u00e9 o dia 6 de setembro. A programa\u00e7\u00e3o inclui Vitrine da Carne Su\u00edna, no dia 3; Bovina, no dia 4; Cozinha Pantaneira, no dia 5; e Peixe, no dia 6.<\/p>\n<p>Entre os destaques est\u00e1 a Vitrine Cozinha Pantaneira, que valoriza a cultura e os sabores tradicionais da regi\u00e3o por meio da apresenta\u00e7\u00e3o de receitas, ingredientes e formas de preparo ligadas \u00e0 culin\u00e1ria pantaneira. A a\u00e7\u00e3o tamb\u00e9m contribui para aproximar o p\u00fablico dos produtos e saberes que fazem parte da identidade do campo mato-grossense.<\/p>\n<p>O evento contar\u00e1 ainda com a Feira Natural do Campo, que re\u00fane produtores atendidos pela Assist\u00eancia T\u00e9cnica e Gerencial (ATeG) do Senar MT. A iniciativa permite que o p\u00fablico conhe\u00e7a e tenha acesso \u00e0 produ\u00e7\u00e3o desses produtores, valorizando o trabalho desenvolvido nas propriedades e mostrando resultados do acompanhamento t\u00e9cnico e gerencial realizado pelo programa.<\/p>\n<p>A ATeG oferece acompanhamento t\u00e9cnico cont\u00ednuo aos produtores rurais, com orienta\u00e7\u00f5es relacionadas \u00e0 produ\u00e7\u00e3o e \u00e0 gest\u00e3o da propriedade. O trabalho busca contribuir para a melhoria dos processos produtivos, organiza\u00e7\u00e3o da atividade, aumento da produtividade e melhores resultados econ\u00f4micos, considerando a realidade de cada propriedade.<\/p>\n<p>J\u00e1 em Aripuan\u00e3, durante a 17\u00aa Expoan\u00e3 o Sistema Famato apresenta, de 3 a 6 de setembro, a Vitrine Sabores do Agro. A programa\u00e7\u00e3o contempla a cadeia bovina no dia 3, a ovina no dia 4, novamente a bovina no dia 5 e a su\u00edna no dia 6.<\/p>\n<p>Al\u00e9m das demonstra\u00e7\u00f5es de preparo, a Vitrine Sabores do Agro proporciona ao p\u00fablico uma experi\u00eancia pr\u00e1tica sobre as diferentes prote\u00ednas, apresentando caracter\u00edsticas dos cortes, t\u00e9cnicas culin\u00e1rias e possibilidades de aproveitamento. A a\u00e7\u00e3o tamb\u00e9m evidencia a dimens\u00e3o das cadeias produtivas que est\u00e3o presentes na alimenta\u00e7\u00e3o da popula\u00e7\u00e3o e movimentam a economia estadual.<\/p>\n<p>A presen\u00e7a refor\u00e7a a atua\u00e7\u00e3o da entidade junto aos produtores rurais e \u00e0 sociedade, levando iniciativas que combinam conhecimento, educa\u00e7\u00e3o, assist\u00eancia e valoriza\u00e7\u00e3o da produ\u00e7\u00e3o. Por meio das a\u00e7\u00f5es do Senar MT, o p\u00fablico pode conhecer diferentes aspectos do setor agropecu\u00e1rio e compreender melhor o trabalho desenvolvido dentro e fora das propriedades rurais.  <\/p>\n<p><\/p>\n<\/div>\n<\/div>","protected":false},"excerpt":{"rendered":"<p>O Sistema Federa\u00e7\u00e3o da Agricultura e Pecu\u00e1ria de Mato Grosso (Sistema Famato) estar\u00e1 presente em tr\u00eas eventos agropecu\u00e1rios realizados entre&hellip;<\/p>\n","protected":false},"author":4,"featured_media":657790,"comment_status":"open","ping_status":"open","sticky":false,"template":"","format":"standard","meta":{"footnotes":""},"categories":[204],"tags":[],"class_list":["post-657789","post","type-post","status-publish","format-standard","has-post-thumbnail","hentry","category-ultimas-noticias"],"_links":{"self":[{"href":"https:\/\/villanews.com.br\/index.php?rest_route=\/wp\/v2\/posts\/657789","targetHints":{"allow":["GET"]}}],"collection":[{"href":"https:\/\/villanews.com.br\/index.php?rest_route=\/wp\/v2\/posts"}],"about":[{"href":"https:\/\/villanews.com.br\/index.php?rest_route=\/wp\/v2\/types\/post"}],"author":[{"embeddable":true,"href":"https:\/\/villanews.com.br\/index.php?rest_route=\/wp\/v2\/users\/4"}],"replies":[{"embeddable":true,"href":"https:\/\/villanews.com.br\/index.php?rest_route=%2Fwp%2Fv2%2Fcomments&post=657789"}],"version-history":[{"count":0,"href":"https:\/\/villanews.com.br\/index.php?rest_route=\/wp\/v2\/posts\/657789\/revisions"}],"wp:featuredmedia":[{"embeddable":true,"href":"https:\/\/villanews.com.br\/index.php?rest_route=\/wp\/v2\/media\/657790"}],"wp:attachment":[{"href":"https:\/\/villanews.com.br\/index.php?rest_route=%2Fwp%2Fv2%2Fmedia&parent=657789"}],"wp:term":[{"taxonomy":"category","embeddable":true,"href":"https:\/\/villanews.com.br\/index.php?rest_route=%2Fwp%2Fv2%2Fcategories&post=657789"},{"taxonomy":"post_tag","embeddable":true,"href":"https:\/\/villanews.com.br\/index.php?rest_route=%2Fwp%2Fv2%2Ftags&post=657789"}],"curies":[{"name":"wp","href":"https:\/\/api.w.org\/{rel}","templated":true}]}}