{"id":657787,"date":"2026-09-02T07:26:12","date_gmt":"2026-09-02T11:26:12","guid":{"rendered":"https:\/\/villanews.com.br\/?p=657787"},"modified":"2026-09-02T07:26:12","modified_gmt":"2026-09-02T11:26:12","slug":"tjmt-realizara-prova-do-concurso-para-cartorios-neste-final-de-semana","status":"publish","type":"post","link":"https:\/\/villanews.com.br\/?p=657787","title":{"rendered":"TJMT realizar\u00e1 prova do concurso para cart\u00f3rios neste final de semana"},"content":{"rendered":"<div><img decoding=\"async\" src=\"https:\/\/jornaldematogrosso.com.br\/imagens\/658x420\/posts\/2026\/09\/139324_tj-mt-087d1947.jpg\" \/>\n<div>\n<div>O Tribunal de Justi\u00e7a de Mato Grosso (TJMT) publicou o Edital TJMT\/DGP n. 20 informando os locais de aplica\u00e7\u00e3o da prova objetiva do Concurso P\u00fablico de Provas e T\u00edtulos para Outorga de Delega\u00e7\u00f5es de Notas e de Registro do Foro Extrajudicial. Est\u00e3o aptos a realizar as provas 1421 candidatos, que concorrem a vagas de n\u00edvel superior para remo\u00e7\u00e3o e provimento. <\/div>\n<div><\/div>\n<div>As provas ser\u00e3o realizadas em duas datas, conforme a modalidade de ingresso escolhida pelo candidato. No s\u00e1bado, 5 de setembro, ser\u00e3o avaliados os candidatos inscritos para ingresso por provimento. J\u00e1 no domingo, 6 de setembro, ser\u00e1 a vez dos candidatos inscritos na modalidade de remo\u00e7\u00e3o.<\/div>\n<div><\/div>\n<div>Nas duas datas, os port\u00f5es ser\u00e3o abertos \u00e0s 11h30 e fechados \u00e0s 12h30. A prova ter\u00e1 in\u00edcio \u00e0s 13h, considerando o hor\u00e1rio de Cuiab\u00e1, e dura\u00e7\u00e3o de cinco horas.<\/div>\n<div><\/div>\n<div>O concurso \u00e9 regido pelo Edital TJMT\/PRES n. 48\/2025 e executado pelo Centro Brasileiro de Pesquisa em Avalia\u00e7\u00e3o e Sele\u00e7\u00e3o e de Promo\u00e7\u00e3o de Eventos (Cebraspe).<\/div>\n<div><\/div>\n<div>Consulta individual<\/div>\n<div>Os candidatos devem consultar obrigatoriamente o local de realiza\u00e7\u00e3o da prova no site do Cebraspe, por meio de consulta individual. A verifica\u00e7\u00e3o j\u00e1 est\u00e1 dispon\u00edvel. <\/div>\n<div><\/div>\n<div>O candidato somente poder\u00e1 realizar a prova no local indicado na consulta individual. Por isso, a orienta\u00e7\u00e3o \u00e9 verificar antecipadamente o endere\u00e7o e se programar para chegar com anteced\u00eancia.<\/div>\n<div><\/div>\n<div>Documentos e materiais permitidos<\/div>\n<div>Para realizar a prova, o candidato dever\u00e1 levar caneta esferogr\u00e1fica de tinta preta, fabricada em material transparente, comprovante de inscri\u00e7\u00e3o e documento de identidade original.<\/div>\n<div><\/div>\n<div>O edital tamb\u00e9m estabelece restri\u00e7\u00f5es quanto a objetos e materiais que n\u00e3o poder\u00e3o ser utilizados ou portados durante a aplica\u00e7\u00e3o da prova. Entre eles est\u00e3o celulares, smartphones, rel\u00f3gios de qualquer esp\u00e9cie, \u00f3culos escuros, l\u00e1pis, borracha, marca-texto, chap\u00e9us, bon\u00e9s, recipientes que n\u00e3o sejam transparentes e armas brancas.<\/div>\n<div><\/div>\n<div>O Cebraspe recomenda que os candidatos n\u00e3o levem esses objetos ao local de prova e informa que n\u00e3o se responsabiliza por eventual perda ou extravio.<\/div>\n<div><\/div>\n<div>Pr\u00f3xima etapa<\/div>\n<div>O resultado dessa etapa e a convoca\u00e7\u00e3o para a prova escrita e pr\u00e1tica ser\u00e3o divulgados por meio de editais, no Di\u00e1rio da Justi\u00e7a Eletr\u00f4nico (DJe-MT) e no site do Cebraspe.<\/div>\n<div><\/div>\n<div><\/div>\n<div>  <\/div>\n<\/div>\n<\/div>","protected":false},"excerpt":{"rendered":"<p>O Tribunal de Justi\u00e7a de Mato Grosso (TJMT) publicou o Edital TJMT\/DGP n. 20 informando os locais de aplica\u00e7\u00e3o da&hellip;<\/p>\n","protected":false},"author":4,"featured_media":657788,"comment_status":"open","ping_status":"open","sticky":false,"template":"","format":"standard","meta":{"footnotes":""},"categories":[204],"tags":[],"class_list":["post-657787","post","type-post","status-publish","format-standard","has-post-thumbnail","hentry","category-ultimas-noticias"],"_links":{"self":[{"href":"https:\/\/villanews.com.br\/index.php?rest_route=\/wp\/v2\/posts\/657787","targetHints":{"allow":["GET"]}}],"collection":[{"href":"https:\/\/villanews.com.br\/index.php?rest_route=\/wp\/v2\/posts"}],"about":[{"href":"https:\/\/villanews.com.br\/index.php?rest_route=\/wp\/v2\/types\/post"}],"author":[{"embeddable":true,"href":"https:\/\/villanews.com.br\/index.php?rest_route=\/wp\/v2\/users\/4"}],"replies":[{"embeddable":true,"href":"https:\/\/villanews.com.br\/index.php?rest_route=%2Fwp%2Fv2%2Fcomments&post=657787"}],"version-history":[{"count":0,"href":"https:\/\/villanews.com.br\/index.php?rest_route=\/wp\/v2\/posts\/657787\/revisions"}],"wp:featuredmedia":[{"embeddable":true,"href":"https:\/\/villanews.com.br\/index.php?rest_route=\/wp\/v2\/media\/657788"}],"wp:attachment":[{"href":"https:\/\/villanews.com.br\/index.php?rest_route=%2Fwp%2Fv2%2Fmedia&parent=657787"}],"wp:term":[{"taxonomy":"category","embeddable":true,"href":"https:\/\/villanews.com.br\/index.php?rest_route=%2Fwp%2Fv2%2Fcategories&post=657787"},{"taxonomy":"post_tag","embeddable":true,"href":"https:\/\/villanews.com.br\/index.php?rest_route=%2Fwp%2Fv2%2Ftags&post=657787"}],"curies":[{"name":"wp","href":"https:\/\/api.w.org\/{rel}","templated":true}]}}