{"id":657785,"date":"2026-09-01T08:55:25","date_gmt":"2026-09-01T12:55:25","guid":{"rendered":"https:\/\/villanews.com.br\/?p=657785"},"modified":"2026-09-01T08:55:25","modified_gmt":"2026-09-01T12:55:25","slug":"aberto-o-prazo-para-municipios-contestarem-estimativas-populacionais-do-ibge","status":"publish","type":"post","link":"https:\/\/villanews.com.br\/?p=657785","title":{"rendered":"Aberto o prazo para munic\u00edpios contestarem estimativas populacionais do IBGE"},"content":{"rendered":"<div><img decoding=\"async\" src=\"https:\/\/jornaldematogrosso.com.br\/imagens\/658x420\/posts\/2026\/09\/139321_populacao-2-053f26c5.jpg\" \/>\n<div>\n<p>Os munic\u00edpios que identificarem poss\u00edveis diverg\u00eancias nas estimativas populacionais divulgadas pelo Instituto Brasileiro de Geografia e Estat\u00edstica (IBGE) poder\u00e3o apresentar pedido de revis\u00e3o dos dados junto ao \u00f3rg\u00e3o. As informa\u00e7\u00f5es foram publicadas na Portaria n\u00ba 1.649\/2026, divulgada no Di\u00e1rio Oficial da Uni\u00e3o (DOU) no dia 28 de agosto.<\/p>\n<p>A Associa\u00e7\u00e3o Mato-grossense dos Munic\u00edpios (AMM) orienta os gestores municipais e as equipes t\u00e9cnicas a analisarem os n\u00fameros, considerando que a estimativa populacional \u00e9 um dos crit\u00e9rios utilizados para o c\u00e1lculo do Fundo de Participa\u00e7\u00e3o dos Munic\u00edpios (FPM), umas das principais fontes de receita dos munic\u00edpios.<\/p>\n<p>O prazo para encaminhamento da contesta\u00e7\u00e3o \u00e9 de 10 dias corridos, contados a partir da publica\u00e7\u00e3o da portaria no DOU. Para a contagem, deve ser desconsiderado o dia inicial e inclu\u00edda a data final do prazo. As solicita\u00e7\u00f5es de revis\u00e3o devem ser encaminhadas ao IBGE pelo e-mail contestacao@ibge.gov.br, acompanhadas de documenta\u00e7\u00e3o que comprove tecnicamente a necessidade de altera\u00e7\u00e3o dos dados.<\/p>\n<p>O IBGE estabelece que os pedidos precisam apresentar fundamentos baseados em informa\u00e7\u00f5es oficiais consolidadas. Entre os documentos que podem subsidiar a contesta\u00e7\u00e3o est\u00e3o dados educacionais, como matr\u00edculas registradas no Censo Escolar das redes p\u00fablica e privada, al\u00e9m de informa\u00e7\u00f5es atualizadas da Justi\u00e7a Eleitoral. Na \u00e1rea da sa\u00fade, podem ser utilizados registros da Aten\u00e7\u00e3o Prim\u00e1ria e dados do sistema e-SUS. Tamb\u00e9m podem ser apresentados indicadores relacionados \u00e0 infraestrutura, como aumento de liga\u00e7\u00f5es ativas de \u00e1gua, esgoto e energia el\u00e9trica, al\u00e9m de informa\u00e7\u00f5es demogr\u00e1ficas, incluindo registros civis de nascimentos e \u00f3bitos e projetos de novos loteamentos habitacionais regularizados.<\/p>\n<p>A apresenta\u00e7\u00e3o de contesta\u00e7\u00e3o administrativa ao IBGE n\u00e3o impede que o munic\u00edpio adote medidas judiciais, caso a diverg\u00eancia permane\u00e7a e resulte em poss\u00edveis preju\u00edzos financeiros ou jur\u00eddicos ao ente municipal.<\/p>\n<p><\/p>\n\n<\/div>\n<\/div>","protected":false},"excerpt":{"rendered":"<p>Os munic\u00edpios que identificarem poss\u00edveis diverg\u00eancias nas estimativas populacionais divulgadas pelo Instituto Brasileiro de Geografia e Estat\u00edstica (IBGE) poder\u00e3o apresentar&hellip;<\/p>\n","protected":false},"author":4,"featured_media":657786,"comment_status":"open","ping_status":"open","sticky":false,"template":"","format":"standard","meta":{"footnotes":""},"categories":[204],"tags":[],"class_list":["post-657785","post","type-post","status-publish","format-standard","has-post-thumbnail","hentry","category-ultimas-noticias"],"_links":{"self":[{"href":"https:\/\/villanews.com.br\/index.php?rest_route=\/wp\/v2\/posts\/657785","targetHints":{"allow":["GET"]}}],"collection":[{"href":"https:\/\/villanews.com.br\/index.php?rest_route=\/wp\/v2\/posts"}],"about":[{"href":"https:\/\/villanews.com.br\/index.php?rest_route=\/wp\/v2\/types\/post"}],"author":[{"embeddable":true,"href":"https:\/\/villanews.com.br\/index.php?rest_route=\/wp\/v2\/users\/4"}],"replies":[{"embeddable":true,"href":"https:\/\/villanews.com.br\/index.php?rest_route=%2Fwp%2Fv2%2Fcomments&post=657785"}],"version-history":[{"count":0,"href":"https:\/\/villanews.com.br\/index.php?rest_route=\/wp\/v2\/posts\/657785\/revisions"}],"wp:featuredmedia":[{"embeddable":true,"href":"https:\/\/villanews.com.br\/index.php?rest_route=\/wp\/v2\/media\/657786"}],"wp:attachment":[{"href":"https:\/\/villanews.com.br\/index.php?rest_route=%2Fwp%2Fv2%2Fmedia&parent=657785"}],"wp:term":[{"taxonomy":"category","embeddable":true,"href":"https:\/\/villanews.com.br\/index.php?rest_route=%2Fwp%2Fv2%2Fcategories&post=657785"},{"taxonomy":"post_tag","embeddable":true,"href":"https:\/\/villanews.com.br\/index.php?rest_route=%2Fwp%2Fv2%2Ftags&post=657785"}],"curies":[{"name":"wp","href":"https:\/\/api.w.org\/{rel}","templated":true}]}}