{"id":568931,"date":"2026-07-18T00:15:51","date_gmt":"2026-07-18T04:15:51","guid":{"rendered":"https:\/\/villanews.com.br\/?p=568931"},"modified":"2026-07-18T00:15:51","modified_gmt":"2026-07-18T04:15:51","slug":"como-o-fim-da-escala-6x1-impacta-o-trabalho-no-regime-12x36-e-aos-sabados","status":"publish","type":"post","link":"https:\/\/villanews.com.br\/?p=568931","title":{"rendered":"Como o fim da escala 6\u00d71 impacta o trabalho no regime 12\u00d736 e aos s\u00e1bados?"},"content":{"rendered":"<div class=\"postLayout-module-scss-module__08MJ-a__postContent\"><img decoding=\"async\" src=\"https:\/\/media.gazetadopovo.com.br\/2026\/07\/18011554\/escala-6x1-e-escala-12x36-1-1.jpg\" \/><span>Propostas que reduzem a jornada para 40 horas mant\u00eam a possibilidade de escalas especiais, mas mudam as regras para a jornada 12&#8243;36 e o trabalho aos s\u00e1bados. (Foto: Dall-E\/Gazeta do Povo)<\/span>\n<div class=\"postBody-module-scss-module__8_WGKG__postBodyContainer\">\n<p>Propostas em an\u00e1lise no Congresso Nacional para reduzir a jornada semanal de 44 para 40 horas geram d\u00favidas sobre regimes especiais. O fim da escala 6&#215;1 exigir\u00e1 que empresas e sindicatos reorganizem hor\u00e1rios e custos para manter servi\u00e7os essenciais e o trabalho nos fins de semana.<\/p>\n<h2>O regime de trabalho 12&#215;36 vai deixar de existir?<\/h2>\n<p>N\u00e3o necessariamente. As propostas atuais mant\u00eam esse modelo, muito usado em hospitais e na seguran\u00e7a. No entanto, haver\u00e1 mudan\u00e7as nas regras: a PEC em tramita\u00e7\u00e3o sugere que escalas que ultrapassem 40 horas semanais precisem de negocia\u00e7\u00f5es coletivas r\u00edgidas. J\u00e1 o projeto do governo prev\u00ea o pagamento de horas extras quando o trabalhador cumprir a chamada &#8216;semana longa&#8217; de 48 horas.<\/p>\n<h2>Como fica o trabalho aos s\u00e1bados com as novas regras?<\/h2>\n<p>O trabalho aos s\u00e1bados continua permitido, mas as empresas ter\u00e3o que se adaptar. Na proposta do governo, o s\u00e1bado passa a ser um dia de descanso preferencial, assim como o domingo. Para que algu\u00e9m trabalhe nesse dia, a empresa precisar\u00e1 provar que o servi\u00e7o n\u00e3o pode ser interrompido ou garantir uma folga compensat\u00f3ria na mesma semana, respeitando o limite total de 40 horas.<\/p>\n<h2>O que acontece se a jornada semanal for reduzida para 40 horas?<\/h2>\n<p>Hoje, quem faz o regime 12&#215;36 trabalha, em m\u00e9dia, 42 horas por semana. Com a redu\u00e7\u00e3o para 40 horas, as empresas de seguran\u00e7a e sa\u00fade calculam que cada funcion\u00e1rio passaria a ter direito a cerca de 8,7 horas extras por m\u00eas. Isso deve aumentar os custos operacionais dos setores em aproximadamente 20%, valor que pode acabar sendo repassado ao consumidor final.<\/p>\n<h2>Ainda ser\u00e1 poss\u00edvel fazer acordos individuais para escalas especiais?<\/h2>\n<p>Este \u00e9 um ponto central de mudan\u00e7a. Tanto a PEC quanto o projeto de lei do governo pretendem eliminar a possibilidade de fechar escalas como a 12&#215;36 apenas com um papel assinado entre patr\u00e3o e empregado. Se as propostas passarem, qualquer escala especial exigir\u00e1 obrigatoriamente a participa\u00e7\u00e3o dos sindicatos em conven\u00e7\u00f5es coletivas de trabalho.<\/p>\n<h2>Qual a diferen\u00e7a entre a PEC e o projeto de lei do governo?<\/h2>\n<p>A PEC altera a pr\u00f3pria Constitui\u00e7\u00e3o e prop\u00f5e uma redu\u00e7\u00e3o gradual de horas, exigindo dois dias de descanso por semana. J\u00e1 o projeto de lei \u00e9 mais espec\u00edfico sobre como calcular essas horas extras no m\u00eas e foca em estabelecer a escala 5&#215;2 (cinco dias de trabalho por dois de folga) como a regra geral para o pa\u00eds, prevendo exce\u00e7\u00f5es para atividades essenciais.<\/p>\n<p class=\"postParagraph-module-scss-module__Tp8H3W__postParagraph postParagraph-module-scss-module__Tp8H3W__postParagraphInnerHtml\"><i>Conte\u00fado produzido a partir de informa\u00e7\u00f5es apuradas pela equipe de rep\u00f3rteres da Gazeta do Povo. Para acessar a informa\u00e7\u00e3o na \u00edntegra e se aprofundar sobre o tema leia a reportagem abaixo.<\/i><\/p>\n<p>VEJA TAMB\u00c9M:<\/p>\n<\/div>\n<p>Encontrou algo errado na mat\u00e9ria?<\/p>\n<p>Comunique erros<\/p>\n<p>Use este espa\u00e7o apenas para a comunica\u00e7\u00e3o de erros<\/p>\n<\/div>","protected":false},"excerpt":{"rendered":"<p>Propostas que reduzem a jornada para 40 horas mant\u00eam a possibilidade de escalas especiais, mas mudam as regras para a&hellip;<\/p>\n","protected":false},"author":4,"featured_media":562583,"comment_status":"open","ping_status":"open","sticky":false,"template":"","format":"standard","meta":{"footnotes":""},"categories":[241],"tags":[],"class_list":["post-568931","post","type-post","status-publish","format-standard","has-post-thumbnail","hentry","category-senado-federal"],"_links":{"self":[{"href":"https:\/\/villanews.com.br\/index.php?rest_route=\/wp\/v2\/posts\/568931","targetHints":{"allow":["GET"]}}],"collection":[{"href":"https:\/\/villanews.com.br\/index.php?rest_route=\/wp\/v2\/posts"}],"about":[{"href":"https:\/\/villanews.com.br\/index.php?rest_route=\/wp\/v2\/types\/post"}],"author":[{"embeddable":true,"href":"https:\/\/villanews.com.br\/index.php?rest_route=\/wp\/v2\/users\/4"}],"replies":[{"embeddable":true,"href":"https:\/\/villanews.com.br\/index.php?rest_route=%2Fwp%2Fv2%2Fcomments&post=568931"}],"version-history":[{"count":0,"href":"https:\/\/villanews.com.br\/index.php?rest_route=\/wp\/v2\/posts\/568931\/revisions"}],"wp:featuredmedia":[{"embeddable":true,"href":"https:\/\/villanews.com.br\/index.php?rest_route=\/wp\/v2\/media\/562583"}],"wp:attachment":[{"href":"https:\/\/villanews.com.br\/index.php?rest_route=%2Fwp%2Fv2%2Fmedia&parent=568931"}],"wp:term":[{"taxonomy":"category","embeddable":true,"href":"https:\/\/villanews.com.br\/index.php?rest_route=%2Fwp%2Fv2%2Fcategories&post=568931"},{"taxonomy":"post_tag","embeddable":true,"href":"https:\/\/villanews.com.br\/index.php?rest_route=%2Fwp%2Fv2%2Ftags&post=568931"}],"curies":[{"name":"wp","href":"https:\/\/api.w.org\/{rel}","templated":true}]}}