{"id":568356,"date":"2026-07-18T17:07:12","date_gmt":"2026-07-18T21:07:12","guid":{"rendered":"https:\/\/villanews.com.br\/?p=568356"},"modified":"2026-07-18T17:07:12","modified_gmt":"2026-07-18T21:07:12","slug":"quem-e-luis-de-la-fuente-o-tecnico-da-espanha-que-ve-na-fe-sua-maior-forca","status":"publish","type":"post","link":"https:\/\/villanews.com.br\/?p=568356","title":{"rendered":"Quem \u00e9 Luis de la Fuente, o t\u00e9cnico da Espanha que v\u00ea na f\u00e9 sua maior for\u00e7a"},"content":{"rendered":"<div class=\"postBody-module-scss-module__8_WGKG__postBodyContainer\">\n<p>Na Copa do Mundo de 2026, o t\u00e9cnico da sele\u00e7\u00e3o espanhola, Luis de la Fuente, de 65 anos, ganhou destaque n\u00e3o apenas pela t\u00e1tica em campo, mas pela naturalidade com que professa sua f\u00e9 cat\u00f3lica e o h\u00e1bito di\u00e1rio da ora\u00e7\u00e3o como motor de sua trajet\u00f3ria pessoal e profissional.<\/p>\n<h2>Como o treinador concilia a religiosidade com o esporte profissional?<\/h2>\n<p>Para Luis de la Fuente, a ora\u00e7\u00e3o \u00e9 uma pr\u00e1tica di\u00e1ria e independente de resultados. Ele afirma que reza para agradecer pela vida e pedir sa\u00fade, e n\u00e3o para solicitar vit\u00f3rias. O treinador acredita ser injusto pedir a ajuda de Deus contra um advers\u00e1rio, defendendo que o sucesso esportivo deve ser fruto do trabalho e da prepara\u00e7\u00e3o t\u00e9cnica.<\/p>\n<h2>Qual \u00e9 a origem e a trajet\u00f3ria de De la Fuente no futebol?<\/h2>\n<p>Nascido em Haro, na regi\u00e3o vin\u00edcola de La Rioja, ele trilhou uma carreira s\u00f3lida no Athletic Club de Bilbao, onde foi lateral-esquerdo e conquistou t\u00edtulos importantes nos anos 80. Como treinador, passou por todas as categorias de base da Espanha, acumulando trof\u00e9us europeus e a medalha de prata ol\u00edmpica antes de assumir a sele\u00e7\u00e3o principal em 2022.<\/p>\n<h2>De que forma a fam\u00edlia influenciou suas cren\u00e7as e paix\u00f5es?<\/h2>\n<p>Seu pai, um marinheiro mercante que passava longos per\u00edodos no mar, foi a figura central que o apresentou ao futebol e ao Athletic Club. Embora tenha crescido em um lar cat\u00f3lico, De la Fuente destaca que sua f\u00e9 atual \u00e9 uma escolha consciente feita na vida adulta, ap\u00f3s per\u00edodos de d\u00favidas e questionamentos comuns a qualquer pessoa.<\/p>\n<h2>O treinador sofre resist\u00eancia por expor suas convic\u00e7\u00f5es cat\u00f3licas?<\/h2>\n<p>Ele defende o direito de manifestar a f\u00e9 publicamente e compreende quem n\u00e3o acredita, mas pede respeito. O t\u00e9cnico observa que muitos evitam falar de Deus por medo de cr\u00edticas, enquanto ele prefere encarar a exposi\u00e7\u00e3o de seus princ\u00edpios como um exerc\u00edcio de liberdade, relatando inclusive que recebe apoio de pessoas nas ruas por sua postura natural.<\/p>\n<h2>Quais s\u00e3o as principais devo\u00e7\u00f5es religiosas de Luis de la Fuente?<\/h2>\n<p>A espiritualidade do treinador \u00e9 marcada por tradi\u00e7\u00f5es espanholas espec\u00edficas. Ele \u00e9 devoto do Cristo de la Expiraci\u00f3n, imagem famosa da Semana Santa de Sevilha conhecida como &#8216;El Cachorro&#8217;, e tamb\u00e9m da Virgen de la Vega, que \u00e9 a padroeira de sua cidade natal, Haro.<\/p>\n<p><i>Conte\u00fado produzido a partir de informa\u00e7\u00f5es apuradas pela equipe de rep\u00f3rteres da Gazeta do Povo. Para acessar a informa\u00e7\u00e3o na \u00edntegra e se aprofundar sobre o tema leia a reportagem abaixo.<\/i><\/p>\n<p>VEJA TAMB\u00c9M:<\/p>\n<\/div>","protected":false},"excerpt":{"rendered":"<p>Na Copa do Mundo de 2026, o t\u00e9cnico da sele\u00e7\u00e3o espanhola, Luis de la Fuente, de 65 anos, ganhou destaque&hellip;<\/p>\n","protected":false},"author":4,"featured_media":568357,"comment_status":"open","ping_status":"open","sticky":false,"template":"","format":"standard","meta":{"footnotes":""},"categories":[204],"tags":[],"class_list":["post-568356","post","type-post","status-publish","format-standard","has-post-thumbnail","hentry","category-ultimas-noticias"],"_links":{"self":[{"href":"https:\/\/villanews.com.br\/index.php?rest_route=\/wp\/v2\/posts\/568356","targetHints":{"allow":["GET"]}}],"collection":[{"href":"https:\/\/villanews.com.br\/index.php?rest_route=\/wp\/v2\/posts"}],"about":[{"href":"https:\/\/villanews.com.br\/index.php?rest_route=\/wp\/v2\/types\/post"}],"author":[{"embeddable":true,"href":"https:\/\/villanews.com.br\/index.php?rest_route=\/wp\/v2\/users\/4"}],"replies":[{"embeddable":true,"href":"https:\/\/villanews.com.br\/index.php?rest_route=%2Fwp%2Fv2%2Fcomments&post=568356"}],"version-history":[{"count":0,"href":"https:\/\/villanews.com.br\/index.php?rest_route=\/wp\/v2\/posts\/568356\/revisions"}],"wp:featuredmedia":[{"embeddable":true,"href":"https:\/\/villanews.com.br\/index.php?rest_route=\/wp\/v2\/media\/568357"}],"wp:attachment":[{"href":"https:\/\/villanews.com.br\/index.php?rest_route=%2Fwp%2Fv2%2Fmedia&parent=568356"}],"wp:term":[{"taxonomy":"category","embeddable":true,"href":"https:\/\/villanews.com.br\/index.php?rest_route=%2Fwp%2Fv2%2Fcategories&post=568356"},{"taxonomy":"post_tag","embeddable":true,"href":"https:\/\/villanews.com.br\/index.php?rest_route=%2Fwp%2Fv2%2Ftags&post=568356"}],"curies":[{"name":"wp","href":"https:\/\/api.w.org\/{rel}","templated":true}]}}