{"id":567611,"date":"2026-07-18T17:09:48","date_gmt":"2026-07-18T21:09:48","guid":{"rendered":"https:\/\/villanews.com.br\/?p=567611"},"modified":"2026-07-18T17:09:48","modified_gmt":"2026-07-18T21:09:48","slug":"imposto-para-os-ricos-isencao-para-mim-a-hipocrisia-por-tras-da-crise-no-icl","status":"publish","type":"post","link":"https:\/\/villanews.com.br\/?p=567611","title":{"rendered":"Imposto para os ricos, isen\u00e7\u00e3o para mim: a hipocrisia por tr\u00e1s da crise no ICL"},"content":{"rendered":"<div class=\"postBody-module-scss-module__8_WGKG__postBodyContainer\">\n<p>Poucas vezes a velha m\u00e1xima \u201cfa\u00e7a o que eu digo, n\u00e3o fa\u00e7a o que eu fa\u00e7o\u201d, praticamente um mantra da esquerda, fez tanto sentido quanto na situa\u00e7\u00e3o atual envolvendo o Instituto Conhecimento Liberta (ICL).<\/p>\n<p>Durante anos, o empres\u00e1rio e comunicador Eduardo Moreira, criador do ICL, construiu sua imagem p\u00fablica como um dos principais defensores de uma reforma tribut\u00e1ria. O \u201cSilvio Santos da esquerda\u201d, como \u00e9 chamado, repetiu in\u00fameras vezes que o Brasil tributa excessivamente o consumo e pouco a renda dos mais ricos. Uma poss\u00edvel solu\u00e7\u00e3o defendida por ele seria taxar acionistas e s\u00f3cios de empresas nos lucros e dividendos.<\/p>\n<p>Em seus programas e nas entrevistas que concede, \u201cDudu\u201d, como \u00e9 chamado pelos mais pr\u00f3ximos, dispara frases do tipo \u201cO agro \u00e9 o grupo mais poderoso e perigoso do Brasil\u201d. Ou \u201cEnquanto o rico n\u00e3o dormir com medo, n\u00e3o vai mudar. N\u00e3o \u00e9 o medo de ser guilhotinado. \u00c9 o medo de descobrirem que ele n\u00e3o merece ter o que tem\u201d. E ainda \u201cAcredito no enfretamento, no conflito. Sem conflito n\u00e3o tem mudan\u00e7a\u201d.<\/p>\n<p>S\u00f3 que essa narrativa n\u00e3o resistiu \u00e0 realidade, e nesta semana o ICL se viu frente a uma de suas maiores crises de reputa\u00e7\u00e3o e credibilidade. Ap\u00f3s uma demiss\u00e3o em massa no instituto, Moreira revelou que antecipou uma distribui\u00e7\u00e3o milion\u00e1ria de lucros justamente para evitar a incid\u00eancia do imposto que antes era defendido por ele.<\/p>\n<p>VEJA TAMB\u00c9M:<\/p>\n<h2>Demiss\u00f5es no ICL atingiram equipe de produ\u00e7\u00e3o jornal\u00edstica do instituto<\/h2>\n<p>Criado como uma plataforma de educa\u00e7\u00e3o, o ICL oferece acesso a v\u00e1rios cursos online mediante o pagamento de uma assinatura mensal. H\u00e1 desde aulas t\u00e9cnicas (finan\u00e7as, l\u00ednguas, marketing digital) at\u00e9 palestras ministradas por figurinhas carimbadas da esquerda \u2013 como Leonardo Boff, Marilena Chau\u00ed, Jandira Feghali e M\u00e1rcia Tiburi.<\/p>\n<p>Os cursos s\u00e3o a espinha dorsal do financiamento do instituto. Com esses recursos \u00e9 que s\u00e3o financiadas as produ\u00e7\u00f5es jornal\u00edsticas do ICL, que v\u00e3o desde jornais di\u00e1rios a document\u00e1rios. E parte da equipe respons\u00e1vel por essa produ\u00e7\u00e3o foi mandada embora nos \u00faltimos dias.<\/p>\n<p>A onda de demiss\u00f5es atingiu o diretor de jornalismo do ICL, Leandro Demori, e outros nomes \u2013 entre eles rep\u00f3rteres, apresentadores e membros da administra\u00e7\u00e3o.<\/p>\n<p>A princ\u00edpio, Eduardo Moreira afirmou que o ICL concluiu um processo de ajuste necess\u00e1rio para adequar seus custos \u00e0 realidade financeira da institui\u00e7\u00e3o. Segundo ele, o jornalismo custou ao instituto R$ 8 milh\u00f5es em 2024, R$ 14 milh\u00f5es em 2025, e tinha potencial de chegar a um custo de R$ 22 milh\u00f5es em 2026.<\/p>\n<p>Ajustes como esses n\u00e3o s\u00e3o incomuns na iniciativa privada. Reorganiza\u00e7\u00f5es financeiras s\u00e3o necess\u00e1rias e at\u00e9 mesmo esperadas para se manter a sa\u00fade econ\u00f4mica de um empreendimento. Oscila\u00e7\u00f5es de receita, revis\u00f5es estrat\u00e9gicas e cortes de despesas ocorrem de forma corriqueira, ainda mais em um ambiente de forte concorr\u00eancia, como \u00e9 o das m\u00eddias digitais.<\/p>\n<h2>Criador do ICL antecipou dividendos para evitar imposto milion\u00e1rio<\/h2>\n<p>As demiss\u00f5es, por si s\u00f3, n\u00e3o chamariam tanto a aten\u00e7\u00e3o, e talvez ficassem restritas ao notici\u00e1rio especializado do mundo corporativo. Mas n\u00e3o demorou muito para que essa movimenta\u00e7\u00e3o ganhasse outros contornos.<\/p>\n<p>Documentos divulgados por portais de esquerda davam conta de que o ICL havia antecipado a distribui\u00e7\u00e3o de lucros referentes aos anos de 2024 e 2025. O total \u00e9 estimado em R$ 43 milh\u00f5es. Eduardo Moreira teria ficado com aproximadamente R$ 25,1 milh\u00f5es deste total. Mais uma vez, nada que indicasse alguma ilegalidade, uma vez que a legisla\u00e7\u00e3o brasileira permite esse tipo de movimenta\u00e7\u00e3o financeira.<\/p>\n<p>O problema para o criador do ICL foi criado por ele mesmo, em um v\u00eddeo publicado em seu perfil no Instagram. Na postagem, Moreira admite que antecipou essa distribui\u00e7\u00e3o de lucros e dividendos justamente para escapar da tributa\u00e7\u00e3o sobre esses recursos, defendida fervorosamente por ele.<\/p>\n<p>\u201cO caixa da empresa foi distribu\u00eddo todo no ano passado para os s\u00f3cios, porque teve uma mudan\u00e7a tribut\u00e1ria no pa\u00eds, que passou, corretamente, a gente sempre defendeu isso, a tributar os dividendos. Ent\u00e3o a gente precisou fazer isso para n\u00e3o pagar indevidamente mais de 5 milh\u00f5es de reais em impostos e tributos\u201d, <a href=\"https:\/\/www.instagram.com\/reel\/Da24LnwAXBW\/\">admitiu o empres\u00e1rio<\/a>.<\/p>\n<p>Ou seja, Moreira segue defendendo que a mudan\u00e7a tribut\u00e1ria est\u00e1 correta, e que \u00e9 preciso \u2013 em sua vis\u00e3o \u2013 cobrar impostos sobre os lucros e dividendos de s\u00f3cios de empresas. Por\u00e9m, quando esse imposto seria cobrado sobre valores sobre os quais ele tem direito de receber, a tributa\u00e7\u00e3o se torna algo \u201cindevido\u201d, nos termos usados pelo empres\u00e1rio em seu v\u00eddeo.<\/p>\n<p>Os s\u00f3cios que seguirem no ICL, disse Moreira, utilizar\u00e3o esse dinheiro para bancar os compromissos financeiros futuros j\u00e1 assumidos. Pelo que disse no v\u00eddeo, esse total se aproxima dos R$ 100 milh\u00f5es.<\/p>\n<p>\u201cOs s\u00f3cios que continuam na empresa v\u00e3o usar esse dinheiro que foi distribu\u00eddo para pagar esses custos dos pr\u00f3ximos anos. Os que sa\u00edram v\u00e3o ficar com esse dinheiro, que j\u00e1 foi recebido e embolsado por eles\u201d, continuou.<\/p>\n<h2>Tributa\u00e7\u00e3o de dividendos foi retomada ap\u00f3s 30 anos de isen\u00e7\u00e3o<\/h2>\n<p>A tributa\u00e7\u00e3o sobre os dividendos estava inativa no Brasil h\u00e1 tr\u00eas d\u00e9cadas. A cobran\u00e7a voltou como uma forma de equalizar as perdas de receita trazidas pela amplia\u00e7\u00e3o da faixa de isen\u00e7\u00f5es de Imposto de Renda entre os trabalhadores que recebem, em m\u00e9dia, at\u00e9 R$ 5 mil mensais.<\/p>\n<p>A Lei 15.270\/2025 foi sancionada, e estabelece uma al\u00edquota de 10% sobre lucros e dividendos superiores a R$ 50 mil por benefici\u00e1rio a partir de janeiro de 2026. Para seguirem isentas dos 10% de IR ou sobre remessas ao exterior, as empresas precisaram calcular e aprovar a distribui\u00e7\u00e3o de juros e dividendos at\u00e9 31 de dezembro do ano passado \u2013 a distribui\u00e7\u00e3o em si pode ser feita at\u00e9 2028.<\/p>\n<p>A mudan\u00e7a deflagrou um movimento de antecipa\u00e7\u00e3o nas empresas brasileiras, e companhias correm para aprovar e distribuir valores ainda em 2025 e evitar a nova cobran\u00e7a. Foi o que fez o ICL.<\/p>\n<p>VEJA TAMB\u00c9M:<\/p>\n<\/div>\n<p>\u00a0<\/p>","protected":false},"excerpt":{"rendered":"<p>Poucas vezes a velha m\u00e1xima \u201cfa\u00e7a o que eu digo, n\u00e3o fa\u00e7a o que eu fa\u00e7o\u201d, praticamente um mantra da&hellip;<\/p>\n","protected":false},"author":4,"featured_media":564368,"comment_status":"open","ping_status":"open","sticky":false,"template":"","format":"standard","meta":{"footnotes":""},"categories":[190],"tags":[],"class_list":["post-567611","post","type-post","status-publish","format-standard","has-post-thumbnail","hentry","category-economia"],"_links":{"self":[{"href":"https:\/\/villanews.com.br\/index.php?rest_route=\/wp\/v2\/posts\/567611","targetHints":{"allow":["GET"]}}],"collection":[{"href":"https:\/\/villanews.com.br\/index.php?rest_route=\/wp\/v2\/posts"}],"about":[{"href":"https:\/\/villanews.com.br\/index.php?rest_route=\/wp\/v2\/types\/post"}],"author":[{"embeddable":true,"href":"https:\/\/villanews.com.br\/index.php?rest_route=\/wp\/v2\/users\/4"}],"replies":[{"embeddable":true,"href":"https:\/\/villanews.com.br\/index.php?rest_route=%2Fwp%2Fv2%2Fcomments&post=567611"}],"version-history":[{"count":0,"href":"https:\/\/villanews.com.br\/index.php?rest_route=\/wp\/v2\/posts\/567611\/revisions"}],"wp:featuredmedia":[{"embeddable":true,"href":"https:\/\/villanews.com.br\/index.php?rest_route=\/wp\/v2\/media\/564368"}],"wp:attachment":[{"href":"https:\/\/villanews.com.br\/index.php?rest_route=%2Fwp%2Fv2%2Fmedia&parent=567611"}],"wp:term":[{"taxonomy":"category","embeddable":true,"href":"https:\/\/villanews.com.br\/index.php?rest_route=%2Fwp%2Fv2%2Fcategories&post=567611"},{"taxonomy":"post_tag","embeddable":true,"href":"https:\/\/villanews.com.br\/index.php?rest_route=%2Fwp%2Fv2%2Ftags&post=567611"}],"curies":[{"name":"wp","href":"https:\/\/api.w.org\/{rel}","templated":true}]}}