{"id":567369,"date":"2026-07-18T15:16:57","date_gmt":"2026-07-18T19:16:57","guid":{"rendered":"https:\/\/villanews.com.br\/?p=567369"},"modified":"2026-07-18T15:16:57","modified_gmt":"2026-07-18T19:16:57","slug":"por-que-retaliar-os-eua-por-causa-do-tarifaco-pode-ser-ruim-para-o-brasil","status":"publish","type":"post","link":"https:\/\/villanews.com.br\/?p=567369","title":{"rendered":"Por que retaliar os EUA por causa do tarifa\u00e7o pode ser ruim para o Brasil?"},"content":{"rendered":"<div class=\"postBody-module-scss-module__8_WGKG__postBodyContainer\">\n<p>O governo brasileiro avalia como responder ao aumento de taxas de importa\u00e7\u00e3o anunciado pelos Estados Unidos nesta semana. Especialistas defendem que o Brasil foque na busca por novos mercados internacionais em vez de revidar com novas tarifas, protegendo assim o consumidor local e a economia.<\/p>\n<h2>O que \u00e9 o tarifa\u00e7o anunciado pelos Estados Unidos?<\/h2>\n<p>\u00c9 uma medida do governo norte-americano que taxa em 25% uma s\u00e9rie de produtos importados de outros pa\u00edses, incluindo o Brasil. No caso brasileiro, essa medida pode afetar exporta\u00e7\u00f5es que somam cerca de US$ 11 bilh\u00f5es, atingindo principalmente os setores de m\u00e1quinas, cal\u00e7ados e m\u00f3veis.<\/p>\n<h2>Por que uma retalia\u00e7\u00e3o brasileira n\u00e3o \u00e9 recomendada por especialistas?<\/h2>\n<p>Uma retalia\u00e7\u00e3o acontece quando o Brasil decide taxar produtos americanos de volta. Isso \u00e9 visto como negativo porque encarece as importa\u00e7\u00f5es, fazendo com que empresas e consumidores brasileiros paguem mais caro por produtos que v\u00eam dos EUA, al\u00e9m de aumentar as tens\u00f5es pol\u00edticas sem trazer benef\u00edcios pr\u00e1ticos reais.<\/p>\n<h2>Como o governo brasileiro pode ajudar as empresas afetadas?<\/h2>\n<p>O governo pode oferecer apoio por meio do Plano Brasil Soberano, que utiliza linhas de cr\u00e9dito do BNDES para socorrer setores que perderem vendas para o mercado americano. Al\u00e9m disso, a estrat\u00e9gia principal \u00e9 diversificar os compradores, fechando novos acordos com pa\u00edses da Europa e o Jap\u00e3o.<\/p>\n<h2>Qual \u00e9 o impacto esperado desse aumento de taxas no bolso dos brasileiros?<\/h2>\n<p>O impacto direto para o consumidor no Brasil tende a ser quase nulo ou at\u00e9 positivo. Se as empresas brasileiras n\u00e3o conseguirem vender para os EUA, haver\u00e1 mais produtos sobrando no nosso mercado interno. Esse excesso de oferta pode pressionar os pre\u00e7os para baixo, favorecendo quem compra aqui.<\/p>\n<h2>Quem realmente pagar\u00e1 a conta das novas tarifas americanas?<\/h2>\n<p>O maior impacto ser\u00e1 sentido pelo consumidor americano. Como os Estados Unidos n\u00e3o conseguem substituir facilmente os fornecedores brasileiros em alguns setores, eles continuar\u00e3o comprando do Brasil, mas os americanos ter\u00e3o que pagar um pre\u00e7o final mais alto para cobrir o custo da nova tarifa de 25%.<\/p>\n<p><i>Conte\u00fado produzido a partir de informa\u00e7\u00f5es apuradas pela equipe de rep\u00f3rteres da Gazeta do Povo. Para acessar a informa\u00e7\u00e3o na \u00edntegra e se aprofundar sobre o tema leia a reportagem abaixo.<\/i><\/p>\n<p>VEJA TAMB\u00c9M:<\/p>\n<\/div>\n<p>\u00a0<\/p>","protected":false},"excerpt":{"rendered":"<p>O governo brasileiro avalia como responder ao aumento de taxas de importa\u00e7\u00e3o anunciado pelos Estados Unidos nesta semana. Especialistas defendem&hellip;<\/p>\n","protected":false},"author":4,"featured_media":564163,"comment_status":"open","ping_status":"open","sticky":false,"template":"","format":"standard","meta":{"footnotes":""},"categories":[190],"tags":[],"class_list":["post-567369","post","type-post","status-publish","format-standard","has-post-thumbnail","hentry","category-economia"],"_links":{"self":[{"href":"https:\/\/villanews.com.br\/index.php?rest_route=\/wp\/v2\/posts\/567369","targetHints":{"allow":["GET"]}}],"collection":[{"href":"https:\/\/villanews.com.br\/index.php?rest_route=\/wp\/v2\/posts"}],"about":[{"href":"https:\/\/villanews.com.br\/index.php?rest_route=\/wp\/v2\/types\/post"}],"author":[{"embeddable":true,"href":"https:\/\/villanews.com.br\/index.php?rest_route=\/wp\/v2\/users\/4"}],"replies":[{"embeddable":true,"href":"https:\/\/villanews.com.br\/index.php?rest_route=%2Fwp%2Fv2%2Fcomments&post=567369"}],"version-history":[{"count":0,"href":"https:\/\/villanews.com.br\/index.php?rest_route=\/wp\/v2\/posts\/567369\/revisions"}],"wp:featuredmedia":[{"embeddable":true,"href":"https:\/\/villanews.com.br\/index.php?rest_route=\/wp\/v2\/media\/564163"}],"wp:attachment":[{"href":"https:\/\/villanews.com.br\/index.php?rest_route=%2Fwp%2Fv2%2Fmedia&parent=567369"}],"wp:term":[{"taxonomy":"category","embeddable":true,"href":"https:\/\/villanews.com.br\/index.php?rest_route=%2Fwp%2Fv2%2Fcategories&post=567369"},{"taxonomy":"post_tag","embeddable":true,"href":"https:\/\/villanews.com.br\/index.php?rest_route=%2Fwp%2Fv2%2Ftags&post=567369"}],"curies":[{"name":"wp","href":"https:\/\/api.w.org\/{rel}","templated":true}]}}