{"id":566449,"date":"2026-07-18T11:16:14","date_gmt":"2026-07-18T15:16:14","guid":{"rendered":"https:\/\/villanews.com.br\/?p=566449"},"modified":"2026-07-18T11:16:14","modified_gmt":"2026-07-18T15:16:14","slug":"tarifaco-retaliacao-aos-eua-so-prejudicaria-consumidores-brasileiros-avalia-economista","status":"publish","type":"post","link":"https:\/\/villanews.com.br\/?p=566449","title":{"rendered":"Tarifa\u00e7o: retalia\u00e7\u00e3o aos EUA s\u00f3 prejudicaria consumidores brasileiros, avalia economista"},"content":{"rendered":"<div class=\"postBody-module-scss-module__8_WGKG__postBodyContainer\">\n<p>O governo brasileiro deve descartar a possibilidade de retaliar os Estados Unidos por conta do &#8220;tarifa\u00e7o&#8221; anunciado na quarta-feira (15) e continuar com a miss\u00e3o de buscar mais mercados para os produtos brasileiros no exterior, avalia Alexandre Chaia, professor do Insper, em entrevista exclusiva \u00e0 <strong>Gazeta do Povo<\/strong>.<\/p>\n<p>O especialista aponta que uma eventual <a href=\"https:\/\/www.gazetadopovo.com.br\/economia\/tarifaco-trump-brasil-reacao-governo\/\">retalia\u00e7\u00e3o brasileira<\/a> \u2013 como aumentar reciprocamente as tarifas para importa\u00e7\u00e3o de produtos norte-americanos \u2013 poderia resultar em pre\u00e7os mais altos a consumidores e empresas.<\/p>\n<p><a href=\"https:\/\/www.gazetadopovo.com.br\/economia\/tarifas-trump-impacto-economia-brasil\/\">As novas tarifas de 25% sobre parte dos produtos devem afetar exporta\u00e7\u00f5es brasileiras<\/a> equivalentes a US$ 11 bilh\u00f5es, segundo estimativa da Amcham Brasil, e impactar mais fortemente os setores de m\u00e1quinas, cal\u00e7ados e m\u00f3veis.<\/p>\n<p>Chaia, entretanto, avalia que o Brasil tem trunfos para n\u00e3o sentir tanto os efeitos do novo tarifa\u00e7o. Leia a seguir os principais trechos da entrevista:<\/p>\n<p>VEJA TAMB\u00c9M:<\/p>\n<p><strong>Gazeta do Povo: Que tipo de medida de rea\u00e7\u00e3o, por parte do governo, faria sentido economicamente sem escalar o conflito ou prejudicar consumidores e empresas brasileiras?<\/strong><\/p>\n<p><em>Alexandre Chaia:<\/em> O governo n\u00e3o deveria tomar nenhuma medida agora. H\u00e1 essa possibilidade [de retalia\u00e7\u00e3o] que est\u00e1 na mesa. Mas o governo j\u00e1 est\u00e1 fazendo o que \u00e9 certo: ampliar o rol de exportadores para que a gente possa diminuir o impacto das novas tarifas, que deve ser baixo.<\/p>\n<p>A maior parte da pauta de exporta\u00e7\u00e3o para os Estados Unidos est\u00e1 protegida, porque \u00e9 importante para eles. O que foi afetado \u00e9 marginal, ent\u00e3o pesar\u00e1 pouco.<\/p>\n<p>Se o governo fizer alguma retalia\u00e7\u00e3o, vai piorar as coisas, e colocar mais calor nesse fogo e n\u00e3o trar\u00e1 benef\u00edcio nenhum \u2014 s\u00f3 prejudicar\u00e1 o consumidor brasileiro. Retalia\u00e7\u00e3o com tarifas prejudicaria os consumidores brasileiros ao encarecer importa\u00e7\u00f5es.<\/p>\n<p>Como medida de conten\u00e7\u00e3o de danos, o governo precisa apoiar as empresas que ter\u00e3o dificuldade \u2014 as poucas que ter\u00e3o.<\/p>\n<p><strong>O Plano Brasil Soberano, com linhas de cr\u00e9dito via BNDES, \u00e9 suficiente para aliviar os setores afetados, ou seria apenas um paliativo at\u00e9 uma solu\u00e7\u00e3o pol\u00edtica?<\/strong><\/p>\n<p><em>Alexandre Chaia:<\/em> O governo enfrenta uma situa\u00e7\u00e3o de restri\u00e7\u00e3o fiscal, limitando recursos para apoio direto. O plano [Brasil Soberano] \u00e9 suficiente para cobrir perdas dos setores afetados.<\/p>\n<p>Conseguimos, desde o primeiro tarifa\u00e7o dos EUA [em 2025], ampliar os neg\u00f3cios com a Uni\u00e3o Europeia. Depois, teve o acordo novo com o Jap\u00e3o. E tem novos acordos que o governo fez para ampliar os mercados, que substituir\u00e3o parte da demanda dos EUA. As poucas empresas que ser\u00e3o afetadas, na verdade, acabar\u00e3o sendo levadas a arrumar novos mercados.<\/p>\n<p>Enquanto esses novos mercados n\u00e3o surgirem, o plano do governo \u00e9 suficiente para ajudar. N\u00e3o vejo necessidade de fazer novas medidas al\u00e9m do pr\u00f3prio plano.<\/p>\n<p>O susto maior foi o tarifa\u00e7o anterior, que foi cancelado. Ali, o governo brasileiro foi pego meio de surpresa. No atual tarifa\u00e7o, o governo j\u00e1 estava mais preparado. Al\u00e9m disso, os principais produtos de exporta\u00e7\u00e3o para os EUA acabaram ficando de fora por causa exatamente da necessidade dos norte-americanos.<\/p>\n<p>Ent\u00e3o, acredito que \u00e9 suficiente o governo manter essas regras de apoio com linhas de BNDES para as empresas que foram afetadas.<\/p>\n<p>VEJA TAMB\u00c9M:<\/p>\n<p><strong>Qual \u00e9 a estimativa em rela\u00e7\u00e3o ao impacto do tarifa\u00e7o no PIB brasileiro e nas exporta\u00e7\u00f5es totais para os EUA?<\/strong><\/p>\n<p><em>Alexandre Chaia:<\/em> Estimar o impacto \u00e9 prematuro. As exporta\u00e7\u00f5es para EUA representam uma pequena porcentagem do PIB [cerca de 1,6% do PIB brasileiro, segundo dados do Minist\u00e9rio do Desenvolvimento, Ind\u00fastria, Com\u00e9rcio e Servi\u00e7os &#8211; MDIC] e a lista de exce\u00e7\u00f5es foi muito grande. Se o governo realmente apoiar, \u00e9 poss\u00edvel que o impacto seja bem reduzido.<\/p>\n<p>E, como a gente acaba tendo um mercado consumidor que acaba demandando boa parte dos nossos produtos, o consumo local se torna o principal motor de crescimento da economia. Ent\u00e3o \u00e9 mais f\u00e1cil sobreviver a esses choques.<\/p>\n<blockquote>\n<p>No final, o tarifa\u00e7o acabou tendo muito mais vi\u00e9s pol\u00edtico do que pr\u00e1tico, porque a maior parte das exporta\u00e7\u00f5es foi preservada.<\/p>\n<p><cite>Alexandre Chaia<\/cite><\/p><\/blockquote>\n<p>Como os Estados Unidos, apesar de tudo isso, n\u00e3o est\u00e3o conseguindo substituir as importa\u00e7\u00f5es com outros parceiros, provavelmente v\u00e3o continuar comprando do Brasil. A perda n\u00e3o vai ser t\u00e3o grande e quem vai pagar a conta \u00e9 o consumidor americano, que vai pagar mais pelo produto que chega a ele.<\/p>\n<p><strong>Existe risco de repasse de custo para o consumidor brasileiro, ou o efeito fica concentrado nos exportadores?<\/strong><\/p>\n<p><em>Alexandre Chaia:<\/em> N\u00e3o vejo esse risco. O risco de repasse nos pre\u00e7os \u00e9 para os consumidores americanos, porque estamos exportando para l\u00e1 e quando chega l\u00e1 o produto fica mais caro porque haver\u00e1 uma tarifa adicional.<\/p>\n<p>Aqui, como consumidores, a tend\u00eancia \u00e9 de quase nenhum impacto. Se houver, ser\u00e1 positivo. Se no mercado interno houver excesso de produtos, isso resultar\u00e1 em mais oferta, o que pressionar\u00e1 os pre\u00e7os para baixo. Ent\u00e3o, para o consumidor local, o risco \u00e9 muito baixo.<\/p>\n<p>VEJA TAMB\u00c9M:<\/p>\n<\/div>\n<p>\u00a0<\/p>","protected":false},"excerpt":{"rendered":"<p>O governo brasileiro deve descartar a possibilidade de retaliar os Estados Unidos por conta do &#8220;tarifa\u00e7o&#8221; anunciado na quarta-feira (15)&hellip;<\/p>\n","protected":false},"author":4,"featured_media":563740,"comment_status":"open","ping_status":"open","sticky":false,"template":"","format":"standard","meta":{"footnotes":""},"categories":[190],"tags":[],"class_list":["post-566449","post","type-post","status-publish","format-standard","has-post-thumbnail","hentry","category-economia"],"_links":{"self":[{"href":"https:\/\/villanews.com.br\/index.php?rest_route=\/wp\/v2\/posts\/566449","targetHints":{"allow":["GET"]}}],"collection":[{"href":"https:\/\/villanews.com.br\/index.php?rest_route=\/wp\/v2\/posts"}],"about":[{"href":"https:\/\/villanews.com.br\/index.php?rest_route=\/wp\/v2\/types\/post"}],"author":[{"embeddable":true,"href":"https:\/\/villanews.com.br\/index.php?rest_route=\/wp\/v2\/users\/4"}],"replies":[{"embeddable":true,"href":"https:\/\/villanews.com.br\/index.php?rest_route=%2Fwp%2Fv2%2Fcomments&post=566449"}],"version-history":[{"count":0,"href":"https:\/\/villanews.com.br\/index.php?rest_route=\/wp\/v2\/posts\/566449\/revisions"}],"wp:featuredmedia":[{"embeddable":true,"href":"https:\/\/villanews.com.br\/index.php?rest_route=\/wp\/v2\/media\/563740"}],"wp:attachment":[{"href":"https:\/\/villanews.com.br\/index.php?rest_route=%2Fwp%2Fv2%2Fmedia&parent=566449"}],"wp:term":[{"taxonomy":"category","embeddable":true,"href":"https:\/\/villanews.com.br\/index.php?rest_route=%2Fwp%2Fv2%2Fcategories&post=566449"},{"taxonomy":"post_tag","embeddable":true,"href":"https:\/\/villanews.com.br\/index.php?rest_route=%2Fwp%2Fv2%2Ftags&post=566449"}],"curies":[{"name":"wp","href":"https:\/\/api.w.org\/{rel}","templated":true}]}}