{"id":565778,"date":"2026-07-18T18:03:00","date_gmt":"2026-07-18T22:03:00","guid":{"rendered":"https:\/\/villanews.com.br\/?p=565778"},"modified":"2026-07-18T18:03:00","modified_gmt":"2026-07-18T22:03:00","slug":"o-arrependimento-tardio-de-quem-deu-aval-ao-arbitrio-do-stf","status":"publish","type":"post","link":"https:\/\/villanews.com.br\/?p=565778","title":{"rendered":"O arrependimento tardio de quem deu aval ao arb\u00edtrio do STF"},"content":{"rendered":"<div class=\"postBody-module-scss-module__8_WGKG__postBodyContainer\">\n<p>At\u00e9 bem pouco tempo atr\u00e1s, frases como essas eram repetidas como um mantra: \u00e9 preciso \u201cacatar a palavra derradeira\u201d do STF; o Brasil vive uma \u201cdemocracia pujante e plural\u201d; n\u00e3o h\u00e1 d\u00favidas de que a Corte saber\u00e1 \u201cenquadrar\u201d quem ouse questionar o processo eleitoral. Afinal, Alexandre de Moraes \u00e9 apenas \u201cum cidad\u00e3o brasileiro exercendo suas fun\u00e7\u00f5es\u201d, e quem reclama de censura est\u00e1, no fundo, s\u00f3 atr\u00e1s de \u201cclique f\u00e1cil\u201d.<\/p>\n<p>Todas as frases acima foram ditas por personalidades p\u00fablicas que, hoje, ainda que de forma t\u00edmida, lamentam ter dado a tal \u201ccarta branca\u201d para Alexandre de Moraes tomar as r\u00e9deas do pa\u00eds, passando por cima do devido processo legal e das liberdades individuais.<\/p>\n<p>Uma <a href=\"https:\/\/www.gazetadopovo.com.br\/ideias\/lista-quem-apoiou-abusos-moraes-depois-mudou-opiniao\/\">reportagem recente da Gazeta do Povo, de Omar Godoy,<\/a> exp\u00f4s a lista inc\u00f4moda de arrependidos tardios. O programa Ou\u00e7a Essa destaca como essa mudan\u00e7a de opini\u00e3o ainda passa longe de um &#8220;mea culpa&#8221; sincero, e analisa as implica\u00e7\u00f5es para o pa\u00eds por tanta gente ter embarcado no discurso de que tudo se justificava diante da amea\u00e7a do suposto \u201cmal maior\u201d \u00e0 democracia, personificado em Jair Bolsonaro e seus apoiadores. Figuras p\u00fablicas que deram aval, ou fizeram sil\u00eancio conveniente, agora tentam se distanciar do monstrengo que ajudaram a alimentar. Muita gente, contudo, ainda assina embaixo da juristocracia em curso no pa\u00eds.<\/p>\n<h2>S\u00f3 arrependimento n\u00e3o conserta o estrago institucional<\/h2>\n<p>Da OAB a Hamilton Mour\u00e3o, de Ciro Gomes a Oriovisto Guimar\u00e3es, passando por Jorge Kajuru, Arthur Lira, Eduardo Leite e Felipe Neto, todos em algum momento passaram pano, justificaram ou olharam para o outro lado enquanto Moraes atropelava o devido processo legal, prendia preventivamente por meses, censurava jornalistas, parlamentares e cidad\u00e3os, e condenava de forma gen\u00e9rica e sem individualiza\u00e7\u00e3o de conduta os manifestantes do 8 de janeiro.<\/p>\n<p>Em nome da suposta luta contra um &#8220;mal maior&#8221;, aceitaram o pior dos males: um STF que se coloca como infal\u00edvel e inimput\u00e1vel, acima das liberdades fundamentais e da pr\u00f3pria Constitui\u00e7\u00e3o.<\/p>\n<p>Tudo tem um limite, e o <a href=\"https:\/\/www.gazetadopovo.com.br\/republica\/escritorio-esposa-moraes-contrato-129-milhoes-banco-master\/\">contrato de R$ 129 milh\u00f5es da mulher de Alexandre de Moraes<\/a>, e as conversas suspeitas do ministro com o dono do Banco Master, no dia em que ele foi preso, tornaram t\u00f3xico manter o apoio ao magistrado. O arrependimento, contudo, em muitos casos, cheira mais a conveni\u00eancia eleitoral do que a genu\u00edna mudan\u00e7a de consci\u00eancia. Na realidade, ainda poucos t\u00eam coragem de bater de frente com o ministro ou com seus colegas de Corte, que est\u00e3o cada vez mais irritadi\u00e7os com as cr\u00edticas, e at\u00e9 <a href=\"https:\/\/www.gazetadopovo.com.br\/vida-e-cidadania\/stf-valida-punicao-mais-severa-crimes-contra-honra-chefes-dos-poderes-e-servidores\/\">validaram o aumento da puni\u00e7\u00e3o para crimes de ofensa \u00e0 honra deles pr\u00f3prios.<\/a><\/p>\n<p>A carta branca a Moraes n\u00e3o saiu barato, e a conta ainda ser\u00e1 paga por muitos anos. P\u00f4r limites ao arb\u00edtrio, acabar com a censura, restabelecer o equil\u00edbrio entre os poderes n\u00e3o vir\u00e1 magicamente de um pedido insincero de desculpas. Arrepender-se, na apar\u00eancia, \u00e9 f\u00e1cil. Dif\u00edcil\u00a0\u00e9\u00a0corrigir o mal causado.\u00a0Quantos desses\u00a0alexandristas\u00a0arrependidos est\u00e3o realmente dispostos a isso, caso sejam eleitos em outubro?<\/p>\n<\/div>","protected":false},"excerpt":{"rendered":"<p>At\u00e9 bem pouco tempo atr\u00e1s, frases como essas eram repetidas como um mantra: \u00e9 preciso \u201cacatar a palavra derradeira\u201d do&hellip;<\/p>\n","protected":false},"author":4,"featured_media":564460,"comment_status":"open","ping_status":"open","sticky":false,"template":"","format":"standard","meta":{"footnotes":""},"categories":[5],"tags":[],"class_list":["post-565778","post","type-post","status-publish","format-standard","has-post-thumbnail","hentry","category-politica"],"_links":{"self":[{"href":"https:\/\/villanews.com.br\/index.php?rest_route=\/wp\/v2\/posts\/565778","targetHints":{"allow":["GET"]}}],"collection":[{"href":"https:\/\/villanews.com.br\/index.php?rest_route=\/wp\/v2\/posts"}],"about":[{"href":"https:\/\/villanews.com.br\/index.php?rest_route=\/wp\/v2\/types\/post"}],"author":[{"embeddable":true,"href":"https:\/\/villanews.com.br\/index.php?rest_route=\/wp\/v2\/users\/4"}],"replies":[{"embeddable":true,"href":"https:\/\/villanews.com.br\/index.php?rest_route=%2Fwp%2Fv2%2Fcomments&post=565778"}],"version-history":[{"count":0,"href":"https:\/\/villanews.com.br\/index.php?rest_route=\/wp\/v2\/posts\/565778\/revisions"}],"wp:featuredmedia":[{"embeddable":true,"href":"https:\/\/villanews.com.br\/index.php?rest_route=\/wp\/v2\/media\/564460"}],"wp:attachment":[{"href":"https:\/\/villanews.com.br\/index.php?rest_route=%2Fwp%2Fv2%2Fmedia&parent=565778"}],"wp:term":[{"taxonomy":"category","embeddable":true,"href":"https:\/\/villanews.com.br\/index.php?rest_route=%2Fwp%2Fv2%2Fcategories&post=565778"},{"taxonomy":"post_tag","embeddable":true,"href":"https:\/\/villanews.com.br\/index.php?rest_route=%2Fwp%2Fv2%2Ftags&post=565778"}],"curies":[{"name":"wp","href":"https:\/\/api.w.org\/{rel}","templated":true}]}}