{"id":564022,"date":"2026-07-18T12:54:01","date_gmt":"2026-07-18T16:54:01","guid":{"rendered":"https:\/\/villanews.com.br\/?p=564022"},"modified":"2026-07-18T12:54:01","modified_gmt":"2026-07-18T16:54:01","slug":"equipe-de-michelle-revisa-seguranca-apos-escalada-de-ataques-nas-redes-sociais","status":"publish","type":"post","link":"https:\/\/villanews.com.br\/?p=564022","title":{"rendered":"Equipe de Michelle revisa seguran\u00e7a ap\u00f3s escalada de ataques nas redes sociais"},"content":{"rendered":"<div class=\"postBody-module-scss-module__8_WGKG__postBodyContainer\">\n<p>A equipe da ex-primeira-dama Michelle Bolsonaro reformulou nos \u00faltimos dias o esquema de seguran\u00e7a adotado em seus deslocamentos e eventos p\u00fablicos. A decis\u00e3o foi tomada ap\u00f3s uma avalia\u00e7\u00e3o de que os ataques dirigidos a ela nas redes sociais se intensificaram desde o fim de junho, quando Michelle <a href=\"https:\/\/www.gazetadopovo.com.br\/republica\/michelle-diz-que-foi-humilhada-por-flavio-apos-divergencia-no-pl-foi-uma-punhalada\/\">divulgou um v\u00eddeo com cr\u00edticas ao senador Fl\u00e1vio Bolsonaro (PL-RJ)<\/a>, pr\u00e9-candidato \u00e0 Presid\u00eancia.<\/p>\n<p>Segundo informa\u00e7\u00f5es publicadas pelo jornal <em>O Globo<\/em> e confirmadas por pessoas envolvidas no planejamento da seguran\u00e7a, o novo protocolo prev\u00ea refor\u00e7o do efetivo respons\u00e1vel pela prote\u00e7\u00e3o da ex-primeira-dama, revis\u00e3o dos procedimentos operacionais e mudan\u00e7as nas estrat\u00e9gias utilizadas durante compromissos p\u00fablicos. Os respons\u00e1veis evitam detalhar as altera\u00e7\u00f5es para n\u00e3o comprometer a efic\u00e1cia do esquema.<\/p>\n<p>A avalia\u00e7\u00e3o da equipe \u00e9 que as ofensas deixaram de ser epis\u00f3dios isolados e passaram a integrar uma campanha recorrente nas redes sociais. Segundo esses interlocutores, perfis passaram a concentrar publica\u00e7\u00f5es ofensivas contra Michelle, ampliando o alcance das mensagens e elevando o n\u00edvel de hostilidade.<\/p>\n<p>Os respons\u00e1veis pela seguran\u00e7a afirmam que o monitoramento considera n\u00e3o apenas amea\u00e7as diretas, mas tamb\u00e9m o potencial de discursos p\u00fablicos e campanhas virtuais estimularem comportamentos violentos. A preocupa\u00e7\u00e3o \u00e9 com o chamado &#8220;efeito copycat&#8221;, quando a repeti\u00e7\u00e3o de ataques incentiva novas manifesta\u00e7\u00f5es semelhantes e pode extrapolar o ambiente digital.<\/p>\n<p>Embora afirmem n\u00e3o haver qualquer informa\u00e7\u00e3o concreta sobre um plano de ataque contra Michelle, integrantes da equipe entendem que o hist\u00f3rico recente de epis\u00f3dios de viol\u00eancia pol\u00edtica no pa\u00eds exige atua\u00e7\u00e3o preventiva sempre que o ambiente de radicaliza\u00e7\u00e3o se intensifica. Procurada, a assessoria da ex-primeira-dama n\u00e3o se manifestou sobre o tema.<\/p>\n<p>VEJA TAMB\u00c9M:<\/p>\n<\/div>","protected":false},"excerpt":{"rendered":"<p>A equipe da ex-primeira-dama Michelle Bolsonaro reformulou nos \u00faltimos dias o esquema de seguran\u00e7a adotado em seus deslocamentos e eventos&hellip;<\/p>\n","protected":false},"author":4,"featured_media":563900,"comment_status":"open","ping_status":"open","sticky":false,"template":"","format":"standard","meta":{"footnotes":""},"categories":[204],"tags":[],"class_list":["post-564022","post","type-post","status-publish","format-standard","has-post-thumbnail","hentry","category-ultimas-noticias"],"_links":{"self":[{"href":"https:\/\/villanews.com.br\/index.php?rest_route=\/wp\/v2\/posts\/564022","targetHints":{"allow":["GET"]}}],"collection":[{"href":"https:\/\/villanews.com.br\/index.php?rest_route=\/wp\/v2\/posts"}],"about":[{"href":"https:\/\/villanews.com.br\/index.php?rest_route=\/wp\/v2\/types\/post"}],"author":[{"embeddable":true,"href":"https:\/\/villanews.com.br\/index.php?rest_route=\/wp\/v2\/users\/4"}],"replies":[{"embeddable":true,"href":"https:\/\/villanews.com.br\/index.php?rest_route=%2Fwp%2Fv2%2Fcomments&post=564022"}],"version-history":[{"count":0,"href":"https:\/\/villanews.com.br\/index.php?rest_route=\/wp\/v2\/posts\/564022\/revisions"}],"wp:featuredmedia":[{"embeddable":true,"href":"https:\/\/villanews.com.br\/index.php?rest_route=\/wp\/v2\/media\/563900"}],"wp:attachment":[{"href":"https:\/\/villanews.com.br\/index.php?rest_route=%2Fwp%2Fv2%2Fmedia&parent=564022"}],"wp:term":[{"taxonomy":"category","embeddable":true,"href":"https:\/\/villanews.com.br\/index.php?rest_route=%2Fwp%2Fv2%2Fcategories&post=564022"},{"taxonomy":"post_tag","embeddable":true,"href":"https:\/\/villanews.com.br\/index.php?rest_route=%2Fwp%2Fv2%2Ftags&post=564022"}],"curies":[{"name":"wp","href":"https:\/\/api.w.org\/{rel}","templated":true}]}}