{"id":563422,"date":"2026-07-17T22:57:04","date_gmt":"2026-07-18T02:57:04","guid":{"rendered":"https:\/\/villanews.com.br\/?p=563422"},"modified":"2026-07-17T22:57:04","modified_gmt":"2026-07-18T02:57:04","slug":"flavio-diz-que-bolsonaro-foi-enterrado-vivo-por-moraes-aliados-reagem","status":"publish","type":"post","link":"https:\/\/villanews.com.br\/?p=563422","title":{"rendered":"Fl\u00e1vio diz que Bolsonaro \u201cfoi enterrado vivo\u201d por Moraes; aliados reagem"},"content":{"rendered":"<div class=\"postBody-module-scss-module__8_WGKG__postBodyContainer\">\n<p>O pr\u00e9-candidato do PL \u00e0 Presid\u00eancia, senador Fl\u00e1vio Bolsonaro, afirmou que o ex-presidente Jair Bolsonaro (PL) foi \u201centerrado vivo\u201d ap\u00f3s o ministro Alexandre de Moraes, do Supremo Tribunal Federal (STF), <a href=\"https:\/\/www.gazetadopovo.com.br\/republica\/moraes-suspende-visitas-de-bolsonaro-apos-flavio-divulgar-carta\/\">endurecer as restri\u00e7\u00f5es<\/a> da pris\u00e3o domiciliar.<\/p>\n<p>Bolsonaro n\u00e3o poder\u00e1 receber visitas por 30 dias e est\u00e1 proibido de emitir qualquer manifesta\u00e7\u00e3o pol\u00edtico-eleitoral at\u00e9 o fim das elei\u00e7\u00f5es. O ministro considerou que a divulga\u00e7\u00e3o nas redes sociais da carta do ex-presidente a Fl\u00e1vio violou as medidas cautelares impostas pela Corte.<\/p>\n<p>\u201cMais uma decis\u00e3o ilegal, desproporcional, covarde e cruel. O Bolsonaro foi enterrado vivo, s\u00f3 com a cabe\u00e7a para fora da terra e est\u00e1 tomando chute na cara de Moraes. Hoje foi mais um bico na boca\u201d, disse o senador, em v\u00eddeo divulgado nesta noite.<\/p>\n<p>VEJA TAMB\u00c9M:<\/p>\n<p>Fl\u00e1vio voltou a acusar o ministro de tentar interferir nas elei\u00e7\u00f5es presidenciais por ter \u201cmedo que Bolsonaro ou um Bolsonaro volte \u00e0 presid\u00eancia do Brasil\u201d. \u201cUsar a for\u00e7a que o Estado lhe conferiu para satisfazer o seus devaneios pessoais, n\u00e3o \u00e9 justi\u00e7a, \u00e9 vingan\u00e7a\u201d, disse o senador.<\/p>\n<p>\u201cEu espero que mais esse triste cap\u00edtulo da falsa democracia vigente abra os olhos de quem ainda n\u00e3o entendeu que um tirano n\u00e3o retrocede nos poderes que ele pr\u00f3prio se concedeu\u201d, acrescentou.<\/p>\n<p>O relator proibiu as visitas de Fl\u00e1vio ao ex-presidente por 90 dias.O ex-deputado Eduardo Bolsonaro (PL-SP) afirmou que &#8220;uma das hip\u00f3tese de aplica\u00e7\u00e3o do estado de defesa \u00e9 justamente risco \u00e0s institui\u00e7\u00f5es (democracia)&#8221;.<\/p>\n<p>&#8220;N\u00e3o que seja relevante atualmente, mas a constitui\u00e7\u00e3o diz que mesmo numa situa\u00e7\u00e3o grave como o estado de defesa, ainda assim, \u00e9 proibido deixar o preso incomunic\u00e1vel&#8221;, disse Eduardo.<\/p>\n<p>Na decis\u00e3o, Moraes classificou como &#8220;pat\u00e9ticas&#8221; as alega\u00e7\u00f5es de que o ex-presidente ficar\u00e1 incomunic\u00e1vel com as restri\u00e7\u00f5es impostas. &#8220;O custodiado cumpre, desde 27\/3\/2026, sua pena privativa de liberdade em casa, convivendo diariamente com sua mulher, filha e enteada&#8221;, escreveu.<\/p>\n<p>&#8220;Al\u00e9m disso, tem a presen\u00e7a di\u00e1ria em sua resid\u00eancia de agentes de seguran\u00e7a, em virtude de sua condi\u00e7\u00e3o de ex-presidente da Rep\u00fablica e de uma cozinheira&#8221;, acrescentou o ministro.<\/p>\n<p>O despacho, de 18 p\u00e1ginas, entrou no sistema do STF cerca de uma hora ap\u00f3s a <a href=\"https:\/\/www.gazetadopovo.com.br\/republica\/pgr-defende-manter-prisao-domiciliar-de-bolsonaro-mas-sugere-veto-a-visitas-politicas\/\">manifesta\u00e7\u00e3o<\/a> da Procuradoria-Geral da Rep\u00fablica (PGR). O ex-vereador do Rio de Janeiro e atual pr\u00e9-candidato ao Senado por Santa Catarina, Carlos Bolsonaro (PL-SC), disse que Moraes proferiu a ordem &#8220;em quest\u00e3o de segundos&#8221;.<\/p>\n<p>\u201cPelo que tive ci\u00eancia, Alexandre proibiu, em quest\u00e3o de segundos ap\u00f3s a PGR, visitas de todos os filhos ao pai. Eu creio, tenho f\u00e9 e for\u00e7a\u2026\u201d, apontou Carlos.<\/p>\n<p>J\u00e1 o vereador de Balne\u00e1rio Cambori\u00fa (SC) Jair Renan (PL), pr\u00e9-candidato a deputado federal, comparou a situa\u00e7\u00e3o de seu pai com a pris\u00e3o do presidente Luiz In\u00e1cio Lula da Silva (PT), em 2018.<\/p>\n<p>\u201cLula, quando esteve preso, recebia pol\u00edtico, artista, sindicalista, e ainda foi lan\u00e7ado candidato a presidente de dentro da cadeia. Meu pai n\u00e3o pode receber um abra\u00e7o de um filho dentro da pr\u00f3pria casa. \u00c9 a mesma Justi\u00e7a, mas a r\u00e9gua muda conforme o sobrenome. Pai, estarei sempre com o senhor\u201d, afirmou Jair Renan.<\/p>\n<p>O l\u00edder da oposi\u00e7\u00e3o no Senado e coordenador da pr\u00e9-campanha de Fl\u00e1vio, Rog\u00e9rio Marinho (PL-RN), disse que o ministro \u201ctransforma medidas judiciais em instrumentos de silenciamento pol\u00edtico\u201d.<\/p>\n<p>\u201cMas ideias n\u00e3o se aprisionam. Nenhuma decis\u00e3o ser\u00e1 capaz de romper o v\u00ednculo entre Jair Bolsonaro e os brasileiros que nele confiam e veem a esperan\u00e7a de um pa\u00eds mais livre, mais justo e mais democr\u00e1tico\u201d, afirmou Marinho, em nota.<\/p>\n<p>O deputado federal Andr\u00e9 Fernandes (PL-CE), um dos piv\u00f4s da <a href=\"https:\/\/www.gazetadopovo.com.br\/republica\/apoio-do-pl-a-ciro-gomes-amplia-pressao-sobre-michelle-bolsonaro\/\">crise <\/a>entre a ex-primeira-dama Michelle Bolsonaro (PL) e Fl\u00e1vio, ironizou a determina\u00e7\u00e3o, dizendo que \u201cessa \u00e9 a \u2018democracia pujante\u2019 para o per\u00edodo eleitoral\u201d.<\/p>\n<p>O l\u00edder do PL na C\u00e2mara, S\u00f3stenes Cavalcante (RJ), disse que as novas restri\u00e7\u00f5es mostram \u201co quanto a esquerda\/Alexandre querem violar todos os direitos humanos ao maior presidente que a Rep\u00fablica Federativa do Brasil j\u00e1 teve\u201d.<\/p>\n<p>\u201cPodem prender, censurar, ningu\u00e9m consegue deter um sentimento! O Brasil n\u00e3o quer a esquerda, o Brasil \u00e9 de direita e conservador. Vamos eleger Fl\u00e1vio Bolsonaro\u201d, afirmou S\u00f3stenes.<\/p>\n<p>VEJA TAMB\u00c9M:<\/p>\n<\/div>","protected":false},"excerpt":{"rendered":"<p>O pr\u00e9-candidato do PL \u00e0 Presid\u00eancia, senador Fl\u00e1vio Bolsonaro, afirmou que o ex-presidente Jair Bolsonaro (PL) foi \u201centerrado vivo\u201d ap\u00f3s&hellip;<\/p>\n","protected":false},"author":4,"featured_media":562416,"comment_status":"open","ping_status":"open","sticky":false,"template":"","format":"standard","meta":{"footnotes":""},"categories":[5],"tags":[],"class_list":["post-563422","post","type-post","status-publish","format-standard","has-post-thumbnail","hentry","category-politica"],"_links":{"self":[{"href":"https:\/\/villanews.com.br\/index.php?rest_route=\/wp\/v2\/posts\/563422","targetHints":{"allow":["GET"]}}],"collection":[{"href":"https:\/\/villanews.com.br\/index.php?rest_route=\/wp\/v2\/posts"}],"about":[{"href":"https:\/\/villanews.com.br\/index.php?rest_route=\/wp\/v2\/types\/post"}],"author":[{"embeddable":true,"href":"https:\/\/villanews.com.br\/index.php?rest_route=\/wp\/v2\/users\/4"}],"replies":[{"embeddable":true,"href":"https:\/\/villanews.com.br\/index.php?rest_route=%2Fwp%2Fv2%2Fcomments&post=563422"}],"version-history":[{"count":0,"href":"https:\/\/villanews.com.br\/index.php?rest_route=\/wp\/v2\/posts\/563422\/revisions"}],"wp:featuredmedia":[{"embeddable":true,"href":"https:\/\/villanews.com.br\/index.php?rest_route=\/wp\/v2\/media\/562416"}],"wp:attachment":[{"href":"https:\/\/villanews.com.br\/index.php?rest_route=%2Fwp%2Fv2%2Fmedia&parent=563422"}],"wp:term":[{"taxonomy":"category","embeddable":true,"href":"https:\/\/villanews.com.br\/index.php?rest_route=%2Fwp%2Fv2%2Fcategories&post=563422"},{"taxonomy":"post_tag","embeddable":true,"href":"https:\/\/villanews.com.br\/index.php?rest_route=%2Fwp%2Fv2%2Ftags&post=563422"}],"curies":[{"name":"wp","href":"https:\/\/api.w.org\/{rel}","templated":true}]}}