{"id":563408,"date":"2026-07-17T22:03:09","date_gmt":"2026-07-18T02:03:09","guid":{"rendered":"https:\/\/villanews.com.br\/?p=563408"},"modified":"2026-07-17T22:03:09","modified_gmt":"2026-07-18T02:03:09","slug":"brasil-adere-a-alianca-de-ia-da-china-que-reune-paises-autoritarios","status":"publish","type":"post","link":"https:\/\/villanews.com.br\/?p=563408","title":{"rendered":"Brasil adere \u00e0 alian\u00e7a de IA da China que re\u00fane pa\u00edses autorit\u00e1rios"},"content":{"rendered":"<div class=\"postBody-module-scss-module__8_WGKG__postBodyContainer\">\n<p>O Brasil aderiu \u00e0 Organiza\u00e7\u00e3o Internacional para Coopera\u00e7\u00e3o em Intelig\u00eancia Artificial (WAICO, na sigla em ingl\u00eas), iniciativa lan\u00e7ada durante a Confer\u00eancia Mundial de Intelig\u00eancia Artificial (WAIC), em Xangai, nesta sexta-feira (17), e liderada pelo governo chin\u00eas.<\/p>\n<p>Ao todo, 29 pa\u00edses assinaram o acordo de funda\u00e7\u00e3o da entidade, que Pequim apresenta como um novo f\u00f3rum multilateral para definir padr\u00f5es internacionais de governan\u00e7a da intelig\u00eancia artificial.<\/p>\n<p>Durante a cerim\u00f4nia de lan\u00e7amento, o primeiro-ministro chin\u00eas, Li Qiang, afirmou que a intelig\u00eancia artificial &#8220;n\u00e3o deve se tornar um jogo exclusivo de poucos pa\u00edses e empresas&#8221; e defendeu uma governan\u00e7a baseada em &#8220;coopera\u00e7\u00e3o internacional, abertura e benef\u00edcios compartilhados&#8221;.<\/p>\n<p>Segundo ele, a China pretende disponibilizar sua experi\u00eancia e suas tecnologias para pa\u00edses em desenvolvimento, al\u00e9m de promover regras globais para a IA que sejam &#8220;amplamente aceitas pela comunidade internacional&#8221;.<\/p>\n<h2>Grupo re\u00fane China, R\u00fassia e outros regimes autorit\u00e1rios<\/h2>\n<p>Em comunicado, os pa\u00edses signat\u00e1rios afirmam que a organiza\u00e7\u00e3o buscar\u00e1 promover o desenvolvimento da intelig\u00eancia artificial de forma &#8220;centrada no ser humano&#8221;, segura e inclusiva, al\u00e9m de estimular a coopera\u00e7\u00e3o cient\u00edfica, o interc\u00e2mbio de conhecimento e a harmoniza\u00e7\u00e3o de marcos regulat\u00f3rios.<\/p>\n<p>A lista de integrantes, no entanto, re\u00fane diversos pa\u00edses classificados por organiza\u00e7\u00f5es internacionais como regimes autorit\u00e1rios ou sem elei\u00e7\u00f5es livres.<\/p>\n<p>Al\u00e9m da <strong>China<\/strong>, fazem parte da organiza\u00e7\u00e3o <strong>R\u00fassia, Belarus, Cuba, Venezuela, Nicar\u00e1gua, Myanmar (Birm\u00e2nia)<\/strong>, <strong>Laos<\/strong>, <strong>Cazaquist\u00e3o e Uzbequist\u00e3o<\/strong>, entre outros governos frequentemente criticados por viola\u00e7\u00f5es de direitos humanos, restri\u00e7\u00f5es \u00e0 liberdade de imprensa e persegui\u00e7\u00e3o a opositores.<\/p>\n<p>VEJA TAMB\u00c9M:<\/p>\n<h2>Disputa por influ\u00eancia na governan\u00e7a da intelig\u00eancia artificial<\/h2>\n<p>A ades\u00e3o brasileira ocorre em meio \u00e0 crescente disputa entre China e Estados Unidos pela lideran\u00e7a no desenvolvimento da intelig\u00eancia artificial e pela defini\u00e7\u00e3o das normas internacionais que dever\u00e3o orientar o uso da tecnologia nas pr\u00f3ximas d\u00e9cadas.<\/p>\n<p>Enquanto Washington concentra esfor\u00e7os em acordos com aliados ocidentais e no controle das exporta\u00e7\u00f5es de chips avan\u00e7ados, Pequim busca ampliar sua influ\u00eancia por meio de iniciativas multilaterais voltadas especialmente aos pa\u00edses do chamado Sul Global.<\/p>\n<p>&#8220;A participa\u00e7\u00e3o brasileira, com atua\u00e7\u00e3o do Minist\u00e9rio da Gest\u00e3o e da Inova\u00e7\u00e3o em Servi\u00e7os P\u00fablicos (MGI), do Minist\u00e9rio das Rela\u00e7\u00f5es Exteriores (MRE) e do Minist\u00e9rio da Ci\u00eancia, Tecnologia e Inova\u00e7\u00e3o (MCTI), insere-se no acompanhamento dos debates internacionais sobre governan\u00e7a da intelig\u00eancia artificial e na participa\u00e7\u00e3o em mecanismos multilaterais de coopera\u00e7\u00e3o tecnol\u00f3gica&#8221;, diz um trecho do comunicado do governo brasileiro.<\/p>\n<p>Os <strong>29 pa\u00edses fundadores<\/strong> da organiza\u00e7\u00e3o s\u00e3o:<\/p>\n<ul>\n<li>\u00c1frica do Sul<\/li>\n<li>Arg\u00e9lia<\/li>\n<li>Belarus<\/li>\n<li>Brasil<\/li>\n<li>Camboja<\/li>\n<li>Camar\u00f5es<\/li>\n<li>Cazaquist\u00e3o<\/li>\n<li>China<\/li>\n<li>Congo<\/li>\n<li>Cuba<\/li>\n<li>Eti\u00f3pia<\/li>\n<li>Indon\u00e9sia<\/li>\n<li>Laos<\/li>\n<li>Lesoto<\/li>\n<li>Mal\u00e1sia<\/li>\n<li>Mo\u00e7ambique<\/li>\n<li>Myanmar<\/li>\n<li>Nicar\u00e1gua<\/li>\n<li>Om\u00e3<\/li>\n<li>Paquist\u00e3o<\/li>\n<li>Qu\u00eania<\/li>\n<li>Quirguist\u00e3o<\/li>\n<li>R\u00fassia<\/li>\n<li>Senegal<\/li>\n<li>S\u00e9rvia<\/li>\n<li>Tajiquist\u00e3o<\/li>\n<li>Uzbequist\u00e3o<\/li>\n<li>Venezuela<\/li>\n<li>Z\u00e2mbia<\/li>\n<\/ul>\n<\/div>","protected":false},"excerpt":{"rendered":"<p>O Brasil aderiu \u00e0 Organiza\u00e7\u00e3o Internacional para Coopera\u00e7\u00e3o em Intelig\u00eancia Artificial (WAICO, na sigla em ingl\u00eas), iniciativa lan\u00e7ada durante a&hellip;<\/p>\n","protected":false},"author":4,"featured_media":562337,"comment_status":"open","ping_status":"open","sticky":false,"template":"","format":"standard","meta":{"footnotes":""},"categories":[5],"tags":[],"class_list":["post-563408","post","type-post","status-publish","format-standard","has-post-thumbnail","hentry","category-politica"],"_links":{"self":[{"href":"https:\/\/villanews.com.br\/index.php?rest_route=\/wp\/v2\/posts\/563408","targetHints":{"allow":["GET"]}}],"collection":[{"href":"https:\/\/villanews.com.br\/index.php?rest_route=\/wp\/v2\/posts"}],"about":[{"href":"https:\/\/villanews.com.br\/index.php?rest_route=\/wp\/v2\/types\/post"}],"author":[{"embeddable":true,"href":"https:\/\/villanews.com.br\/index.php?rest_route=\/wp\/v2\/users\/4"}],"replies":[{"embeddable":true,"href":"https:\/\/villanews.com.br\/index.php?rest_route=%2Fwp%2Fv2%2Fcomments&post=563408"}],"version-history":[{"count":0,"href":"https:\/\/villanews.com.br\/index.php?rest_route=\/wp\/v2\/posts\/563408\/revisions"}],"wp:featuredmedia":[{"embeddable":true,"href":"https:\/\/villanews.com.br\/index.php?rest_route=\/wp\/v2\/media\/562337"}],"wp:attachment":[{"href":"https:\/\/villanews.com.br\/index.php?rest_route=%2Fwp%2Fv2%2Fmedia&parent=563408"}],"wp:term":[{"taxonomy":"category","embeddable":true,"href":"https:\/\/villanews.com.br\/index.php?rest_route=%2Fwp%2Fv2%2Fcategories&post=563408"},{"taxonomy":"post_tag","embeddable":true,"href":"https:\/\/villanews.com.br\/index.php?rest_route=%2Fwp%2Fv2%2Ftags&post=563408"}],"curies":[{"name":"wp","href":"https:\/\/api.w.org\/{rel}","templated":true}]}}