{"id":563367,"date":"2026-07-17T13:58:05","date_gmt":"2026-07-17T17:58:05","guid":{"rendered":"https:\/\/villanews.com.br\/?p=563367"},"modified":"2026-07-17T13:58:05","modified_gmt":"2026-07-17T17:58:05","slug":"governo-tenta-ampliar-isencoes-e-destina-r-130-milhoes-para-exportacoes","status":"publish","type":"post","link":"https:\/\/villanews.com.br\/?p=563367","title":{"rendered":"Governo tenta ampliar isen\u00e7\u00f5es e destina R$ 130 milh\u00f5es para exporta\u00e7\u00f5es"},"content":{"rendered":"<div class=\"postBody-module-scss-module__8_WGKG__postBodyContainer\">\n<p>O presidente da ApexBrasil, Laudemir M\u00fcller, anunciou nesta sexta-feira (17) que o governo federal pretende ampliar a lista de produtos brasileiros isentos do <a href=\"https:\/\/www.gazetadopovo.com.br\/mundo\/governo-trump-oficializa-novo-tarifaco-ao-brasil-por-praticas-comerciais-desleais\/\">novo tarifa\u00e7o de 25% imposto pelos Estados Unidos<\/a> e investir\u00e1 cerca de R$ 130 milh\u00f5es para acelerar a diversifica\u00e7\u00e3o das exporta\u00e7\u00f5es.<\/p>\n<p>A estrat\u00e9gia se d\u00e1 por conta do impacto estimado de US$ 7,2 bilh\u00f5es (cerca de R$ 37 bilh\u00f5es) nas vendas brasileiras ao mercado norte-americano com as novas tarifas. A prioridade, diz M\u00fcller, \u00e9 ampliar o n\u00famero de produtos beneficiados pelas exce\u00e7\u00f5es j\u00e1 concedidas e fortalecer os setores que permaneceram livres da sobretaxa.<\/p>\n<p>\u201cN\u00f3s vamos seguir firmes no trabalho que j\u00e1 estamos fazendo nos Estados Unidos, apoiando empresas e entidades brasileiras junto a empresas e entidades americanas para aumentar as isen\u00e7\u00f5es\u201d, afirmou em uma entrevista coletiva mais cedo.<\/p>\n<p>VEJA TAMB\u00c9M:<\/p>\n<p>Entre os produtos que escaparam da tarifa adicional de 25% est\u00e3o itens considerados estrat\u00e9gicos para a economia norte-americana ou que possuem pouca produ\u00e7\u00e3o local, como carne bovina, caf\u00e9, suco de laranja, min\u00e9rios, petr\u00f3leo, medicamentos, aeronaves civis, entre outros.<\/p>\n<p>\u201cVamos ampliar o nosso trabalho para aumentar a participa\u00e7\u00e3o brasileira dos setores que foram isentos e, assim, elevar nossas exporta\u00e7\u00f5es para os Estados Unidos nesses segmentos, especialmente os 85 produtos que entraram na lista de exce\u00e7\u00e3o\u201d, declarou.<\/p>\n<p>Al\u00e9m da negocia\u00e7\u00e3o por novas isen\u00e7\u00f5es, a ApexBrasil aposta na abertura de novos mercados para reduzir a depend\u00eancia das exporta\u00e7\u00f5es brasileiras em rela\u00e7\u00e3o aos Estados Unidos. De acordo com M\u00fcller, o cen\u00e1rio internacional exige que empresas e pa\u00edses ampliem seus parceiros comerciais para enfrentar um ambiente de maior instabilidade.<\/p>\n<p>A Uni\u00e3o Europeia aparece como prioridade na estrat\u00e9gia, impulsionada pelo acordo de livre com\u00e9rcio entre o Mercosul e o bloco europeu que est\u00e1 em vig\u00eancia provis\u00f3ria desde maio. Pa\u00edses da Associa\u00e7\u00e3o das Na\u00e7\u00f5es do Sudeste Asi\u00e1tico (Asean), da \u00c1sia Central e a China tamb\u00e9m est\u00e3o entre os principais destinos avaliados pelos exportadores brasileiros.<\/p>\n<p>VEJA TAMB\u00c9M:<\/p>\n<h2>Impactos no Brasil<\/h2>\n<p>Por outro lado, os impactos do tarifa\u00e7o atingem principalmente os estados de S\u00e3o Paulo e Santa Catarina que respondem por 52% das exporta\u00e7\u00f5es que n\u00e3o foram isentas pelo governo dos Estados Unidos. M\u00fcller citou que cerca de US$ 3 bilh\u00f5es dos US$ 7,2 bilh\u00f5es estimados correspondem aos produtos paulistas, enquanto que 68% das vendas catarinenses aos norte-americanos ser\u00e3o afetadas.<\/p>\n<p>Apesar desse cen\u00e1rio, a ApexBrasil afirma que a diversifica\u00e7\u00e3o das exporta\u00e7\u00f5es j\u00e1 est\u00e1 em andamento entre as empresas apoiadas pelo \u00f3rg\u00e3o. De junho de 2025 a maio de 2026, 72% das 2,4mil empresas atendidas passaram a exportar para pelo menos um novo mercado, movimento que, segundo M\u00fcller, demonstra uma adapta\u00e7\u00e3o gradual do setor \u00e0s mudan\u00e7as no com\u00e9rcio internacional.<\/p>\n<\/div>\n<p>\u00a0<\/p>","protected":false},"excerpt":{"rendered":"<p>O presidente da ApexBrasil, Laudemir M\u00fcller, anunciou nesta sexta-feira (17) que o governo federal pretende ampliar a lista de produtos&hellip;<\/p>\n","protected":false},"author":4,"featured_media":561518,"comment_status":"open","ping_status":"open","sticky":false,"template":"","format":"standard","meta":{"footnotes":""},"categories":[190],"tags":[],"class_list":["post-563367","post","type-post","status-publish","format-standard","has-post-thumbnail","hentry","category-economia"],"_links":{"self":[{"href":"https:\/\/villanews.com.br\/index.php?rest_route=\/wp\/v2\/posts\/563367","targetHints":{"allow":["GET"]}}],"collection":[{"href":"https:\/\/villanews.com.br\/index.php?rest_route=\/wp\/v2\/posts"}],"about":[{"href":"https:\/\/villanews.com.br\/index.php?rest_route=\/wp\/v2\/types\/post"}],"author":[{"embeddable":true,"href":"https:\/\/villanews.com.br\/index.php?rest_route=\/wp\/v2\/users\/4"}],"replies":[{"embeddable":true,"href":"https:\/\/villanews.com.br\/index.php?rest_route=%2Fwp%2Fv2%2Fcomments&post=563367"}],"version-history":[{"count":0,"href":"https:\/\/villanews.com.br\/index.php?rest_route=\/wp\/v2\/posts\/563367\/revisions"}],"wp:featuredmedia":[{"embeddable":true,"href":"https:\/\/villanews.com.br\/index.php?rest_route=\/wp\/v2\/media\/561518"}],"wp:attachment":[{"href":"https:\/\/villanews.com.br\/index.php?rest_route=%2Fwp%2Fv2%2Fmedia&parent=563367"}],"wp:term":[{"taxonomy":"category","embeddable":true,"href":"https:\/\/villanews.com.br\/index.php?rest_route=%2Fwp%2Fv2%2Fcategories&post=563367"},{"taxonomy":"post_tag","embeddable":true,"href":"https:\/\/villanews.com.br\/index.php?rest_route=%2Fwp%2Fv2%2Ftags&post=563367"}],"curies":[{"name":"wp","href":"https:\/\/api.w.org\/{rel}","templated":true}]}}