{"id":563291,"date":"2026-07-18T05:00:21","date_gmt":"2026-07-18T09:00:21","guid":{"rendered":"https:\/\/villanews.com.br\/?p=563291"},"modified":"2026-07-18T05:00:21","modified_gmt":"2026-07-18T09:00:21","slug":"luis-castro-vai-de-mal-a-pior-e-obriga-gremio-a-dar-soco-na-mesa","status":"publish","type":"post","link":"https:\/\/villanews.com.br\/?p=563291","title":{"rendered":"Lu\u00eds Castro vai de mal a pior e obriga Gr\u00eamio a dar &#8216;soco na mesa&#8217;"},"content":{"rendered":"<article class=\"mb-12\">\n<h2>Crise no Gr\u00eamio ganha outros contornos, com a derrota para o Mirassol, por 2-1. Ainda assim, o diretor executivo, Paulo Pelaipe, garante que o lugar de Lu\u00eds Castro n\u00e3o est\u00e1 em risco.<\/h2>\n<p><img decoding=\"async\" src=\"https:\/\/media-manager.noticiasaominuto.com.br\/960\/naom_69df29a6ba0af.webp\" \/><\/p>\n<p>\u00a9 Getty Images<\/p>\n<p><img decoding=\"async\" src=\"https:\/\/noticiasaominutobr-img.com\/team\/naom.png\" \/><\/p>\n<p><span><br \/>\n                    18\/07\/2026 06:00 \u2027<br \/>\n                    h\u00e1 2 horas<br \/>\n                    por Not\u00edcias ao Minuto Brasil<br \/>\n                <\/span><\/p>\n<p>\n                        Esporte\n                    <\/p>\n<p>\n<a href=\"https:\/\/www.noticiasaominuto.com.br\/esporte\/tag\/gremio\"><br \/>\n                                Gr\u00eamio<br \/>\n                            <\/a>\n<\/p>\n<div class=\"article-content mb-24 font-slab text-paragraph font-light\">\n<p><span>O<\/span> Gr\u00eamio n\u00e3o aproveitou a pausa de um m\u00eas e meio no calend\u00e1rio, motivada pela disputa da Copa do Mundo, e, na madrugada de sexta-feira para s\u00e1bado, a crise de resultados da equipe ganhou novos contornos ap\u00f3s a derrota por 2 a 1 para o Mirassol, no Est\u00e1dio Jos\u00e9 Maria de Campos Maia.<\/p>\n<p>                                                                    \u00a0<\/p>\n<p>O resultado praticamente foi definido ainda no primeiro tempo, com gols de Bruno Santos e Edson Carioca. Na etapa final, Carlos Vin\u00edcius, ex-jogador de Benfica, Rio Ave e Real SC, descontou para o Gr\u00eamio e chegou a dar esperan\u00e7a de rea\u00e7\u00e3o, mas o time ga\u00facho n\u00e3o conseguiu evitar mais uma derrota.<\/p>\n<p>Com esse resultado, o Gr\u00eamio venceu apenas duas das \u00faltimas seis partidas em todas as competi\u00e7\u00f5es, aumentando a press\u00e3o sobre o t\u00e9cnico portugu\u00eas Lu\u00eds Castro. Mesmo assim, ap\u00f3s o apito final, o diretor executivo Paulo Pelaipe fez quest\u00e3o de garantir que o treinador segue prestigiado e n\u00e3o corre risco de demiss\u00e3o.<\/p>\n<p>&#8220;A solu\u00e7\u00e3o n\u00e3o \u00e9 trocar o treinador, trazer outro e, daqui a tr\u00eas ou quatro meses, tentar novamente. Sabemos que o torcedor est\u00e1 indignado, e ele tem raz\u00e3o. O torcedor quer vit\u00f3rias, e elas n\u00e3o est\u00e3o acontecendo. N\u00e3o vamos deixar de encarar o torcedor dizendo que ele est\u00e1 certo. Precisamos fazer as corre\u00e7\u00f5es. Trabalhamos muito, mas, infelizmente, os resultados que queremos n\u00e3o est\u00e3o acontecendo&#8221;, afirmou.<\/p>\n<p>&#8220;O torcedor tem raz\u00e3o para estar chateado, n\u00f3s tamb\u00e9m estamos, mas n\u00e3o podemos fazer terra arrasada. Tivemos um desempenho abaixo do esperado neste per\u00edodo. Temos compromissos e n\u00e3o podemos, dentro da realidade do Gr\u00eamio, criar situa\u00e7\u00f5es que n\u00e3o conseguiremos cumprir, contratando por contratar e gastando al\u00e9m do or\u00e7amento&#8221;, continuou, em declara\u00e7\u00f5es reproduzidas pelo portal ge.<\/p>\n<p>&#8220;\u00c9 um momento dif\u00edcil. Nunca prometemos ao torcedor nada al\u00e9m de muito trabalho e que 2026 seria um ano bastante complicado (&#8230;). Estamos em uma situa\u00e7\u00e3o dif\u00edcil. Os jogadores sabem que precisam fazer mais, n\u00f3s tamb\u00e9m precisamos fazer mais, e \u00e9 isso que vamos fazer. A \u00fanica coisa que n\u00e3o tem solu\u00e7\u00e3o na vida \u00e9 a morte. Todo o resto tem solu\u00e7\u00e3o, e vamos trabalhar para encontr\u00e1-la&#8221;, completou.<\/p>\n<h3>A situa\u00e7\u00e3o do Gr\u00eamio no Brasileir\u00e3o<\/h3>\n<p>At\u00e9 o momento, na 19\u00aa rodada do Campeonato Brasileiro, al\u00e9m da vit\u00f3ria do Mirassol sobre o Gr\u00eamio por 2 a 1, tamb\u00e9m venceram Botafogo, que bateu o Santos pelo mesmo placar, e Vit\u00f3ria, que derrotou o Vasco por 1 a 0. J\u00e1 Fluminense e Red Bull Bragantino empataram em 1 a 1.<\/p>\n<p>A rodada continua na ter\u00e7a-feira, com Atl\u00e9tico-MG x Bahia. Na quarta-feira ser\u00e1 disputado o duelo entre Coritiba e Palmeiras. J\u00e1 na quinta-feira, acontecem os confrontos entre S\u00e3o Paulo e Athletico-PR, Internacional e Cruzeiro, Chapecoense e Flamengo, al\u00e9m de Corinthians e Remo.<\/p>\n<p>Com esses resultados, o Gr\u00eamio de Lu\u00eds Castro ocupa a 16\u00aa coloca\u00e7\u00e3o do Campeonato Brasileiro, logo acima da zona de rebaixamento, com 21 pontos, mesma pontua\u00e7\u00e3o de Internacional (que ainda joga na rodada) e Santos, e apenas um ponto \u00e0 frente do Vasco, comandado por Pedro Emanuel, primeiro time dentro do Z-4.<\/p>\n<p>Leia Tamb\u00e9m: <a href=\"https:\/\/www.noticiasaominuto.com\/desporto\/3022896\/pedro-emanuel-tem-estreia-para-esquecer-no-vasco-da-gama\">Pedro Emanuel tem estreia para esquecer no Vasco da Gama<\/a><\/p>\n<\/div>\n<p><a href=\"https:\/\/www.google.com\/preferences\/source?q=noticiasaominuto.com.br\"><\/a><\/p>\n<p><strong>Escolha o Not\u00edcias ao Minuto como fonte preferida no Google<\/strong><br \/>\n<span><br \/>\n        Receba as nossas not\u00edcias com mais destaque sempre que pesquisar no Google.<br \/>\n    <\/span> <\/p><\/article>","protected":false},"excerpt":{"rendered":"<p>Crise no Gr\u00eamio ganha outros contornos, com a derrota para o Mirassol, por 2-1. Ainda assim, o diretor executivo, Paulo&hellip;<\/p>\n","protected":false},"author":4,"featured_media":563292,"comment_status":"open","ping_status":"open","sticky":false,"template":"","format":"standard","meta":{"footnotes":""},"categories":[6],"tags":[],"class_list":["post-563291","post","type-post","status-publish","format-standard","has-post-thumbnail","hentry","category-esportes"],"_links":{"self":[{"href":"https:\/\/villanews.com.br\/index.php?rest_route=\/wp\/v2\/posts\/563291","targetHints":{"allow":["GET"]}}],"collection":[{"href":"https:\/\/villanews.com.br\/index.php?rest_route=\/wp\/v2\/posts"}],"about":[{"href":"https:\/\/villanews.com.br\/index.php?rest_route=\/wp\/v2\/types\/post"}],"author":[{"embeddable":true,"href":"https:\/\/villanews.com.br\/index.php?rest_route=\/wp\/v2\/users\/4"}],"replies":[{"embeddable":true,"href":"https:\/\/villanews.com.br\/index.php?rest_route=%2Fwp%2Fv2%2Fcomments&post=563291"}],"version-history":[{"count":0,"href":"https:\/\/villanews.com.br\/index.php?rest_route=\/wp\/v2\/posts\/563291\/revisions"}],"wp:featuredmedia":[{"embeddable":true,"href":"https:\/\/villanews.com.br\/index.php?rest_route=\/wp\/v2\/media\/563292"}],"wp:attachment":[{"href":"https:\/\/villanews.com.br\/index.php?rest_route=%2Fwp%2Fv2%2Fmedia&parent=563291"}],"wp:term":[{"taxonomy":"category","embeddable":true,"href":"https:\/\/villanews.com.br\/index.php?rest_route=%2Fwp%2Fv2%2Fcategories&post=563291"},{"taxonomy":"post_tag","embeddable":true,"href":"https:\/\/villanews.com.br\/index.php?rest_route=%2Fwp%2Fv2%2Ftags&post=563291"}],"curies":[{"name":"wp","href":"https:\/\/api.w.org\/{rel}","templated":true}]}}