{"id":562877,"date":"2026-07-17T11:42:58","date_gmt":"2026-07-17T15:42:58","guid":{"rendered":"https:\/\/villanews.com.br\/?p=562877"},"modified":"2026-07-17T11:42:58","modified_gmt":"2026-07-17T15:42:58","slug":"agro-cai-1-e-segura-avanco-da-previa-do-pib-em-maio-diz-bc","status":"publish","type":"post","link":"https:\/\/villanews.com.br\/?p=562877","title":{"rendered":"Agro cai 1% e segura avan\u00e7o da pr\u00e9via do PIB em maio, diz BC"},"content":{"rendered":"<div class=\"postBody-module-scss-module__8_WGKG__postBodyContainer\">\n<p>A queda de 1% da agropecu\u00e1ria freou o desempenho da economia brasileira em maio e fez a pr\u00e9via do Produto Interno Bruto (PIB) avan\u00e7ar apenas 0,1%, segundo o \u00cdndice de Atividade Econ\u00f4mica (IBC-Br), divulgado nesta sexta-feira (17) pelo Banco Central. O resultado mostra que a atividade econ\u00f4mica praticamente ficou est\u00e1vel no m\u00eas, ap\u00f3s crescer 0,4% em abril.<\/p>\n<p>O IBC-Br \u00e9 conhecido como a pr\u00e9via do PIB por indicar a dire\u00e7\u00e3o da economia antes da divulga\u00e7\u00e3o do dado oficial. Apesar disso, o c\u00e1lculo do Banco Central \u00e9 diferente do realizado pelo IBGE, respons\u00e1vel pelo resultado oficial do PIB.<\/p>\n<p>Mesmo com o recuo do campo, a ind\u00fastria e o setor de servi\u00e7os impediram um resultado negativo, com um crescimento de 0,4% e 0,1%, respectivamente.<\/p>\n<p>VEJA TAMB\u00c9M:<\/p>\n<p>Na compara\u00e7\u00e3o com maio do ano passado, o IBC-Br avan\u00e7ou 0,8%. No acumulado de 2026, o indicador registra alta de 1,2%, enquanto o crescimento em 12 meses at\u00e9 maio \u00e9 de 1,4%.<\/p>\n<p>A desacelera\u00e7\u00e3o da atividade econ\u00f4mica j\u00e1 era esperada pelo mercado financeiro e pelo Banco Central por causa da taxa b\u00e1sica de juros, a <a href=\"https:\/\/www.gazetadopovo.com.br\/economia\/selic-copom-reduz-a-taxa-basica-de-juros-para-1450-ao-ano\/\">Selic, que est\u00e1 em 14,5% ao ano<\/a>. A estrat\u00e9gia da autoridade monet\u00e1ria \u00e9 reduzir o ritmo da economia para conter a infla\u00e7\u00e3o e lev\u00e1-la \u00e0 meta de 3%.<\/p>\n<p>O pr\u00f3prio Banco Central afirma que uma desacelera\u00e7\u00e3o da economia \u00e9 um \u201celemento necess\u00e1rio para a converg\u00eancia da infla\u00e7\u00e3o \u00e0 meta\u201d, segundo afirmou na ata da \u00faltima reuni\u00e3o do Comit\u00ea de Pol\u00edtica Monet\u00e1ria (Copom). Ainda segundo a autoridade monet\u00e1ria, o chamado \u201chiato de produto\u201d segue positivo, indicando que a economia opera acima do seu potencial.<\/p>\n<p>VEJA TAMB\u00c9M:<\/p>\n<p>Para este ano, o mercado financeiro projeta crescimento de 1,99% para o PIB, abaixo da expans\u00e3o de 2,3% registrada no ano anterior. O IBC-Br \u00e9 um dos indicadores utilizados pelo Banco Central para definir os pr\u00f3ximos passos da pol\u00edtica de juros, j\u00e1 que uma economia mais aquecida tende a aumentar as press\u00f5es sobre a infla\u00e7\u00e3o.<\/p>\n<p>Se a atividade econ\u00f4mica acelera, empresas tendem a produzir mais, contratar funcion\u00e1rios e investir, mas esse movimento tamb\u00e9m pode aumentar a infla\u00e7\u00e3o e dificultar a redu\u00e7\u00e3o dos juros.<\/p>\n<p>Por outro lado, quando a economia perde for\u00e7a, como indicou o IBC-Br de maio, a press\u00e3o sobre os pre\u00e7os tende a diminuir, o que pode favorecer a queda da Selic no futuro, mas tamb\u00e9m reduzir o ritmo de gera\u00e7\u00e3o de empregos, investimentos e consumo.<\/p>\n<\/div>\n<p>\u00a0<\/p>","protected":false},"excerpt":{"rendered":"<p>A queda de 1% da agropecu\u00e1ria freou o desempenho da economia brasileira em maio e fez a pr\u00e9via do Produto&hellip;<\/p>\n","protected":false},"author":4,"featured_media":561320,"comment_status":"open","ping_status":"open","sticky":false,"template":"","format":"standard","meta":{"footnotes":""},"categories":[190],"tags":[],"class_list":["post-562877","post","type-post","status-publish","format-standard","has-post-thumbnail","hentry","category-economia"],"_links":{"self":[{"href":"https:\/\/villanews.com.br\/index.php?rest_route=\/wp\/v2\/posts\/562877","targetHints":{"allow":["GET"]}}],"collection":[{"href":"https:\/\/villanews.com.br\/index.php?rest_route=\/wp\/v2\/posts"}],"about":[{"href":"https:\/\/villanews.com.br\/index.php?rest_route=\/wp\/v2\/types\/post"}],"author":[{"embeddable":true,"href":"https:\/\/villanews.com.br\/index.php?rest_route=\/wp\/v2\/users\/4"}],"replies":[{"embeddable":true,"href":"https:\/\/villanews.com.br\/index.php?rest_route=%2Fwp%2Fv2%2Fcomments&post=562877"}],"version-history":[{"count":0,"href":"https:\/\/villanews.com.br\/index.php?rest_route=\/wp\/v2\/posts\/562877\/revisions"}],"wp:featuredmedia":[{"embeddable":true,"href":"https:\/\/villanews.com.br\/index.php?rest_route=\/wp\/v2\/media\/561320"}],"wp:attachment":[{"href":"https:\/\/villanews.com.br\/index.php?rest_route=%2Fwp%2Fv2%2Fmedia&parent=562877"}],"wp:term":[{"taxonomy":"category","embeddable":true,"href":"https:\/\/villanews.com.br\/index.php?rest_route=%2Fwp%2Fv2%2Fcategories&post=562877"},{"taxonomy":"post_tag","embeddable":true,"href":"https:\/\/villanews.com.br\/index.php?rest_route=%2Fwp%2Fv2%2Ftags&post=562877"}],"curies":[{"name":"wp","href":"https:\/\/api.w.org\/{rel}","templated":true}]}}