{"id":562830,"date":"2026-07-14T13:36:48","date_gmt":"2026-07-14T17:36:48","guid":{"rendered":"https:\/\/villanews.com.br\/?p=562830"},"modified":"2026-07-14T13:36:48","modified_gmt":"2026-07-14T17:36:48","slug":"o-que-e-a-igreja-siro-malabar-e-por-que-ela-evitou-um-cisma","status":"publish","type":"post","link":"https:\/\/villanews.com.br\/?p=562830","title":{"rendered":"O que \u00e9 a Igreja Siro-Malabar e por que ela evitou um cisma"},"content":{"rendered":"<div class=\"postBody-module-scss-module__8_WGKG__postBodyContainer\">\n<p>A Igreja Cat\u00f3lica Siro-Malabar reuniu mais de 3.500 fi\u00e9is em Chicago, entre 9 e 12 de julho de 2026, para celebrar 25 anos de sua eparquia nos EUA. O evento marcou a supera\u00e7\u00e3o de crises lit\u00fargicas que quase levaram a comunidade a uma divis\u00e3o permanente no \u00faltimo ano.<\/p>\n<h2>O que define a Igreja Cat\u00f3lica Siro-Malabar?<\/h2>\n<p>\u00c9 a maior das 22 igrejas cat\u00f3licas orientais e mant\u00e9m total comunh\u00e3o com o Papa, em Roma. Seus membros s\u00e3o conhecidos como &#8216;crist\u00e3os de S\u00e3o Tom\u00e9&#8217;, pois tra\u00e7am sua origem espiritual diretamente \u00e0 prega\u00e7\u00e3o do ap\u00f3stolo Tom\u00e9 na \u00cdndia, no ano 52 d.C. Embora sigam ritos e tradi\u00e7\u00f5es diferentes da Igreja Romana (ocidental), eles fazem parte da mesma f\u00e9 cat\u00f3lica.<\/p>\n<h2>Por que a conven\u00e7\u00e3o Syro26 foi considerada um marco de unidade?<\/h2>\n<p>A igreja enfrentou d\u00e9cadas de disputas internas sobre como a missa (Santa Qurbana) deveria ser celebrada. O conflito chegou ao auge no ano passado, com risco real de um cisma \u2014 que \u00e9 quando um grupo decide se separar oficialmente da igreja principal. Em julho de 2025, um acordo hist\u00f3rico foi selado, e a reuni\u00e3o em Chicago serviu para reafirmar que a paz e a uni\u00e3o prevaleceram.<\/p>\n<h2>Como funciona a estrutura dessa igreja nos Estados Unidos?<\/h2>\n<p>Diferente das dioceses comuns que cuidam de cidades ou regi\u00f5es pequenas, a Eparquia de S\u00e3o Tom\u00e9 tem sede em Chicago, mas jurisdi\u00e7\u00e3o sobre todo o territ\u00f3rio americano. Fundada por S\u00e3o Jo\u00e3o Paulo II h\u00e1 25 anos, ela atende cerca de 87 mil fi\u00e9is espalhados por 53 par\u00f3quias e 32 miss\u00f5es, servindo como um porto seguro para a preserva\u00e7\u00e3o cultural e espiritual de imigrantes indianos.<\/p>\n<h2>Quais foram os destaques culturais do evento em Chicago?<\/h2>\n<p>O encontro misturou rituais religiosos com a vibrante cultura indiana. Al\u00e9m da ora\u00e7\u00e3o di\u00e1ria e da liturgia pr\u00f3pria em malaiala (l\u00edngua falada no sul da \u00cdndia), houve apresenta\u00e7\u00f5es de dan\u00e7a de Bollywood, workshops sobre como usar s\u00e1ris e discuss\u00f5es sobre networking para startups. Foi uma demonstra\u00e7\u00e3o de como a f\u00e9 pode conviver com a preserva\u00e7\u00e3o de tradi\u00e7\u00f5es \u00e9tnicas em um novo pa\u00eds.<\/p>\n<h2>Qual \u00e9 a import\u00e2ncia desse grupo para o catolicismo global?<\/h2>\n<p>Com 5 milh\u00f5es de membros no mundo, a Igreja Siro-Malabar \u00e9 um exemplo de crescimento e resili\u00eancia. Sua presen\u00e7a nos EUA mostra que o catolicismo n\u00e3o \u00e9 apenas o rito romano ocidental, mas um mosaico de tradi\u00e7\u00f5es antigas que se adaptam aos tempos modernos. A lideran\u00e7a local espera que, nos pr\u00f3ximos 25 anos, a igreja cres\u00e7a ainda mais em esfor\u00e7os mission\u00e1rios e evangeliza\u00e7\u00e3o.<\/p>\n<p><i>Conte\u00fado produzido a partir de informa\u00e7\u00f5es apuradas pela equipe de rep\u00f3rteres da Gazeta do Povo. Para acessar a informa\u00e7\u00e3o na \u00edntegra e se aprofundar sobre o tema leia a reportagem abaixo.<\/i><\/p>\n<p>VEJA TAMB\u00c9M:<\/p>\n<\/div>","protected":false},"excerpt":{"rendered":"<p>A Igreja Cat\u00f3lica Siro-Malabar reuniu mais de 3.500 fi\u00e9is em Chicago, entre 9 e 12 de julho de 2026, para&hellip;<\/p>\n","protected":false},"author":4,"featured_media":562831,"comment_status":"open","ping_status":"open","sticky":false,"template":"","format":"standard","meta":{"footnotes":""},"categories":[204],"tags":[],"class_list":["post-562830","post","type-post","status-publish","format-standard","has-post-thumbnail","hentry","category-ultimas-noticias"],"_links":{"self":[{"href":"https:\/\/villanews.com.br\/index.php?rest_route=\/wp\/v2\/posts\/562830","targetHints":{"allow":["GET"]}}],"collection":[{"href":"https:\/\/villanews.com.br\/index.php?rest_route=\/wp\/v2\/posts"}],"about":[{"href":"https:\/\/villanews.com.br\/index.php?rest_route=\/wp\/v2\/types\/post"}],"author":[{"embeddable":true,"href":"https:\/\/villanews.com.br\/index.php?rest_route=\/wp\/v2\/users\/4"}],"replies":[{"embeddable":true,"href":"https:\/\/villanews.com.br\/index.php?rest_route=%2Fwp%2Fv2%2Fcomments&post=562830"}],"version-history":[{"count":0,"href":"https:\/\/villanews.com.br\/index.php?rest_route=\/wp\/v2\/posts\/562830\/revisions"}],"wp:featuredmedia":[{"embeddable":true,"href":"https:\/\/villanews.com.br\/index.php?rest_route=\/wp\/v2\/media\/562831"}],"wp:attachment":[{"href":"https:\/\/villanews.com.br\/index.php?rest_route=%2Fwp%2Fv2%2Fmedia&parent=562830"}],"wp:term":[{"taxonomy":"category","embeddable":true,"href":"https:\/\/villanews.com.br\/index.php?rest_route=%2Fwp%2Fv2%2Fcategories&post=562830"},{"taxonomy":"post_tag","embeddable":true,"href":"https:\/\/villanews.com.br\/index.php?rest_route=%2Fwp%2Fv2%2Ftags&post=562830"}],"curies":[{"name":"wp","href":"https:\/\/api.w.org\/{rel}","templated":true}]}}