{"id":562268,"date":"2026-07-17T19:40:40","date_gmt":"2026-07-17T23:40:40","guid":{"rendered":"https:\/\/villanews.com.br\/?p=562268"},"modified":"2026-07-17T19:40:40","modified_gmt":"2026-07-17T23:40:40","slug":"decisao-de-moraes-inviabiliza-visita-de-milei-a-bolsonaro","status":"publish","type":"post","link":"https:\/\/villanews.com.br\/?p=562268","title":{"rendered":"Decis\u00e3o de Moraes inviabiliza visita de Milei a Bolsonaro"},"content":{"rendered":"<div class=\"postBody-module-scss-module__8_WGKG__postBodyContainer\">\n<p>A decis\u00e3o do ministro Alexandre de Moraes, do Supremo Tribunal Federal (STF), de <a href=\"https:\/\/www.gazetadopovo.com.br\/republica\/moraes-suspende-visitas-de-bolsonaro-apos-flavio-divulgar-carta\/\">suspender por 30 dias<\/a> o direito do ex-presidente Jair Bolsonaro (PL) de receber visitas tamb\u00e9m impede, ao menos por ora, o encontro com o presidente da Argentina, Javier Milei.<\/p>\n<p>Moraes alega que Bolsonaro descumpriu as medidas cautelares impostas no regime de pris\u00e3o domiciliar humanit\u00e1ria, que o ex-presidente cumpre desde mar\u00e7o de 2026.<\/p>\n<p>O ministro publicou a decis\u00e3o no in\u00edcio da noite desta sexta-feira (17) momentos depois de a defesa do ex-presidente pedir autoriza\u00e7\u00e3o para que Milei o visitasse durante sua passagem pelo Brasil.<\/p>\n<p>No pedido encaminhado ao STF, os advogados informam que a visita seria realizada no dia 25 de julho, a partir das 16h. A solicita\u00e7\u00e3o tamb\u00e9m inclui autoriza\u00e7\u00e3o para a entrada dos integrantes da comitiva oficial argentina na resid\u00eancia de Bolsonaro, em Bras\u00edlia.<\/p>\n<p>Segundo a defesa, o encontro teria car\u00e1ter institucional e diplom\u00e1tico e ocorreria exclusivamente na resid\u00eancia do ex-presidente, sem deslocamentos ou altera\u00e7\u00f5es nas demais condi\u00e7\u00f5es impostas pelo Supremo.<\/p>\n<p>O pedido sustenta que a visita n\u00e3o representaria risco ao cumprimento das medidas cautelares.<\/p>\n<p>Milei \u00e9 um dos principais aliados internacionais de Bolsonaro e, em diversas ocasi\u00f5es, criticou as investiga\u00e7\u00f5es conduzidas contra o ex-presidente brasileiro.<\/p>\n<p>O argentino tamb\u00e9m j\u00e1 classificou a situa\u00e7\u00e3o enfrentada por Bolsonaro como um caso de &#8220;persegui\u00e7\u00e3o judicial&#8221;.<\/p>\n<h2>Viagem ao Brasil<\/h2>\n<p>A passagem de Milei pelo Brasil coincide com a conven\u00e7\u00e3o nacional do PL, marcada para 25 de julho, quando o partido dever\u00e1 oficializar a candidatura do senador Fl\u00e1vio Bolsonaro (PL-RJ) \u00e0 Presid\u00eancia da Rep\u00fablica.<\/p>\n<p>O presidente argentino afirmou, na semana passada, que pretende participar do evento em apoio ao senador e aproveitar a viagem para visitar Jair Bolsonaro.<\/p>\n<p>A aproxima\u00e7\u00e3o entre Milei e a fam\u00edlia Bolsonaro ganhou novo cap\u00edtulo no fim de junho, quando o presidente argentino recebeu Fl\u00e1vio Bolsonaro em Buenos Aires.<\/p>\n<p>Ap\u00f3s o encontro, Milei publicou uma foto ao lado do senador e escreveu: &#8220;Vem a\u00ed a mar\u00e9 azul para o Brasil&#8221;. Fl\u00e1vio respondeu agradecendo o apoio e afirmou que a &#8220;mar\u00e9 azul&#8221; libertar\u00e1 &#8220;todas as Am\u00e9ricas&#8221;.<\/p>\n<p>VEJA TAMB\u00c9M:<\/p>\n<\/div>","protected":false},"excerpt":{"rendered":"<p>A decis\u00e3o do ministro Alexandre de Moraes, do Supremo Tribunal Federal (STF), de suspender por 30 dias o direito do&hellip;<\/p>\n","protected":false},"author":4,"featured_media":562119,"comment_status":"open","ping_status":"open","sticky":false,"template":"","format":"standard","meta":{"footnotes":""},"categories":[5],"tags":[],"class_list":["post-562268","post","type-post","status-publish","format-standard","has-post-thumbnail","hentry","category-politica"],"_links":{"self":[{"href":"https:\/\/villanews.com.br\/index.php?rest_route=\/wp\/v2\/posts\/562268","targetHints":{"allow":["GET"]}}],"collection":[{"href":"https:\/\/villanews.com.br\/index.php?rest_route=\/wp\/v2\/posts"}],"about":[{"href":"https:\/\/villanews.com.br\/index.php?rest_route=\/wp\/v2\/types\/post"}],"author":[{"embeddable":true,"href":"https:\/\/villanews.com.br\/index.php?rest_route=\/wp\/v2\/users\/4"}],"replies":[{"embeddable":true,"href":"https:\/\/villanews.com.br\/index.php?rest_route=%2Fwp%2Fv2%2Fcomments&post=562268"}],"version-history":[{"count":0,"href":"https:\/\/villanews.com.br\/index.php?rest_route=\/wp\/v2\/posts\/562268\/revisions"}],"wp:featuredmedia":[{"embeddable":true,"href":"https:\/\/villanews.com.br\/index.php?rest_route=\/wp\/v2\/media\/562119"}],"wp:attachment":[{"href":"https:\/\/villanews.com.br\/index.php?rest_route=%2Fwp%2Fv2%2Fmedia&parent=562268"}],"wp:term":[{"taxonomy":"category","embeddable":true,"href":"https:\/\/villanews.com.br\/index.php?rest_route=%2Fwp%2Fv2%2Fcategories&post=562268"},{"taxonomy":"post_tag","embeddable":true,"href":"https:\/\/villanews.com.br\/index.php?rest_route=%2Fwp%2Fv2%2Ftags&post=562268"}],"curies":[{"name":"wp","href":"https:\/\/api.w.org\/{rel}","templated":true}]}}