{"id":562152,"date":"2026-07-17T18:24:04","date_gmt":"2026-07-17T22:24:04","guid":{"rendered":"https:\/\/villanews.com.br\/?p=562152"},"modified":"2026-07-17T18:24:04","modified_gmt":"2026-07-17T22:24:04","slug":"neymar-se-reapresenta-no-santos-e-tera-programacao-individualizada","status":"publish","type":"post","link":"https:\/\/villanews.com.br\/?p=562152","title":{"rendered":"Neymar se reapresenta no Santos e ter\u00e1 programa\u00e7\u00e3o individualizada"},"content":{"rendered":"<article class=\"mb-12\">\n<h2>Jogador ainda n\u00e3o tem uma data espec\u00edfica para voltar ao gramado<\/h2>\n<p><img decoding=\"async\" src=\"https:\/\/media-manager.noticiasaominuto.com.br\/960\/naom_691381ac130d3.webp\" \/><\/p>\n<p>\u00a9 Getty Images<\/p>\n<p><img decoding=\"async\" src=\"https:\/\/noticiasaominutobr-img.com\/team\/naom.png\" \/><\/p>\n<p><span><br \/>\n                    17\/07\/2026 19:24 \u2027<br \/>\n                    h\u00e1 1 hora<br \/>\n                    por Folhapress<br \/>\n                <\/span><\/p>\n<p>\n                        Esporte\n                    <\/p>\n<p>\n<a href=\"https:\/\/www.noticiasaominuto.com.br\/esporte\/tag\/futebol\"><br \/>\n                                Futebol<br \/>\n                            <\/a>\n<\/p>\n<div class=\"article-content mb-24 font-slab text-paragraph font-light\">\n<p><span>S<\/span>ANTOS, SP (UOL\/FOLHAPRESS) &#8211; O atacante Neymar se reapresentou no CT Rei Pel\u00e9 na tarde desta sexta-feira (17).\u00a0O camisa 10 estava em per\u00edodo de f\u00e9rias das atividades do Santos ap\u00f3s disputar a Copa do Mundo com a sele\u00e7\u00e3o brasileira, que acabou eliminada nas oitavas de final diante da Noruega, no \u00faltimo dia 5 de julho.<\/p>\n<p>                                                                    \u00a0<\/p>\n<p>Em seu retorno, o craque passou por uma avalia\u00e7\u00e3o m\u00e9dica e f\u00edsica, procedimento padr\u00e3o adotado pelo clube com todos os atletas que retornam do per\u00edodo de descanso, e n\u00e3o foi ao gramado.<\/p>\n<p>Com base nos resultados desses exames, Neymar ter\u00e1 uma programa\u00e7\u00e3o de treinos individualizada nos pr\u00f3ximos dias at\u00e9 que re\u00fana condi\u00e7\u00f5es f\u00edsicas ideais para voltar a campo.<\/p>\n<p>Cautelosa, a comiss\u00e3o t\u00e9cnica de Cuca n\u00e3o estipula um prazo e assegura que n\u00e3o vai acelerar o retorno do jogador.<\/p>\n<p>O atacante tem contrato com o Santos at\u00e9 o dia 31 de dezembro deste ano.<\/p>\n<p>Com a reapresenta\u00e7\u00e3o confirmada, a expectativa da diretoria alvinegra \u00e9 de que o v\u00ednculo seja cumprido integralmente at\u00e9 o fim da temporada.<\/p>\n<h3>CABALLERO PASSAR\u00c1 PELO MESMO PROTOCOLO<\/h3>\n<p>Quem tamb\u00e9m passar\u00e1 pelo mesmo cronograma de transi\u00e7\u00e3o \u00e9 Gustavo Caballero.<\/p>\n<p>Apesar de ter se reapresentado no CT Rei Pel\u00e9 h\u00e1 alguns dias, o atacante, que esteve com a sele\u00e7\u00e3o do Paraguai durante a disputa do Mundial, seguir\u00e1 o protocolo de avalia\u00e7\u00f5es m\u00e9dicas e tamb\u00e9m cumprir\u00e1 uma programa\u00e7\u00e3o f\u00edsica individualizada.<\/p>\n<p>Com o Santos impossibilitado de registrar novos jogadores devido ao transfer ban imposto pela FIFA, Caballero surge como uma alternativa caseira para o elenco.<\/p>\n<p>O jogador ser\u00e1 avaliado de perto pelo t\u00e9cnico Cuca e tem chances de ser aproveitado neste segundo semestre, uma vez que n\u00e3o recebeu propostas ap\u00f3s o encerramento de seu empr\u00e9stimo ao Portsmouth, da Inglaterra.<\/p>\n<p>Leia Tamb\u00e9m: <a href=\"https:\/\/www.noticiasaominuto.com.br\/esporte\/2398355\/uruguaio-que-disputou-a-copa-e-expulso-pela-lei-vini-jr-no-mexico\">Uruguaio que disputou a Copa \u00e9 expulso pela &#8216;lei Vini Jr.&#8217; no M\u00e9xico<\/a><\/p>\n<\/div>\n<p><a href=\"https:\/\/www.google.com\/preferences\/source?q=noticiasaominuto.com.br\"><\/a><\/p>\n<p><strong>Escolha o Not\u00edcias ao Minuto como fonte preferida no Google<\/strong><br \/>\n<span><br \/>\n        Receba as nossas not\u00edcias com mais destaque sempre que pesquisar no Google.<br \/>\n    <\/span> <\/p><\/article>","protected":false},"excerpt":{"rendered":"<p>Jogador ainda n\u00e3o tem uma data espec\u00edfica para voltar ao gramado \u00a9 Getty Images 17\/07\/2026 19:24 \u2027 h\u00e1 1 hora&hellip;<\/p>\n","protected":false},"author":4,"featured_media":562153,"comment_status":"open","ping_status":"open","sticky":false,"template":"","format":"standard","meta":{"footnotes":""},"categories":[6],"tags":[],"class_list":["post-562152","post","type-post","status-publish","format-standard","has-post-thumbnail","hentry","category-esportes"],"_links":{"self":[{"href":"https:\/\/villanews.com.br\/index.php?rest_route=\/wp\/v2\/posts\/562152","targetHints":{"allow":["GET"]}}],"collection":[{"href":"https:\/\/villanews.com.br\/index.php?rest_route=\/wp\/v2\/posts"}],"about":[{"href":"https:\/\/villanews.com.br\/index.php?rest_route=\/wp\/v2\/types\/post"}],"author":[{"embeddable":true,"href":"https:\/\/villanews.com.br\/index.php?rest_route=\/wp\/v2\/users\/4"}],"replies":[{"embeddable":true,"href":"https:\/\/villanews.com.br\/index.php?rest_route=%2Fwp%2Fv2%2Fcomments&post=562152"}],"version-history":[{"count":0,"href":"https:\/\/villanews.com.br\/index.php?rest_route=\/wp\/v2\/posts\/562152\/revisions"}],"wp:featuredmedia":[{"embeddable":true,"href":"https:\/\/villanews.com.br\/index.php?rest_route=\/wp\/v2\/media\/562153"}],"wp:attachment":[{"href":"https:\/\/villanews.com.br\/index.php?rest_route=%2Fwp%2Fv2%2Fmedia&parent=562152"}],"wp:term":[{"taxonomy":"category","embeddable":true,"href":"https:\/\/villanews.com.br\/index.php?rest_route=%2Fwp%2Fv2%2Fcategories&post=562152"},{"taxonomy":"post_tag","embeddable":true,"href":"https:\/\/villanews.com.br\/index.php?rest_route=%2Fwp%2Fv2%2Ftags&post=562152"}],"curies":[{"name":"wp","href":"https:\/\/api.w.org\/{rel}","templated":true}]}}