{"id":562147,"date":"2026-07-17T00:47:00","date_gmt":"2026-07-17T04:47:00","guid":{"rendered":"https:\/\/villanews.com.br\/?p=562147"},"modified":"2026-07-17T00:47:00","modified_gmt":"2026-07-17T04:47:00","slug":"como-a-aprovacao-da-mp-do-frete-impacta-o-governo-lula-e-os-caminhoneiros","status":"publish","type":"post","link":"https:\/\/villanews.com.br\/?p=562147","title":{"rendered":"Como a aprova\u00e7\u00e3o da MP do Frete impacta o governo Lula e os caminhoneiros?"},"content":{"rendered":"<div class=\"postBody-module-scss-module__8_WGKG__postBodyContainer\">\n<p>O Senado aprovou nesta ter\u00e7a-feira a MP do Frete, estabelecendo novos pisos m\u00ednimos para o transporte de cargas. A medida evitou uma greve iminente nas rodovias, mas o governo Lula enfrenta um impasse pol\u00edtico devido \u00e0 pol\u00eamica anistia de multas para manifestantes das elei\u00e7\u00f5es de 2022.<\/p>\n<h2>O que estabelece a nova MP do Frete aprovada pelo Senado?<\/h2>\n<p>A medida reestrutura as regras do transporte rodovi\u00e1rio de cargas no Brasil. Ela define uma tabela de pre\u00e7os m\u00ednimos (o piso do frete) que deve ser atualizada semestralmente ou sempre que o \u00f3leo diesel subir mais de 5%. O objetivo \u00e9 garantir que o valor pago pelo transporte cubra custos b\u00e1sicos como combust\u00edvel, ped\u00e1gio e manuten\u00e7\u00e3o do ve\u00edculo, evitando que os caminhoneiros trabalhem com preju\u00edzo.<\/p>\n<h2>Por que a anistia das multas de 2022 \u00e9 o ponto mais pol\u00eamico?<\/h2>\n<p>Durante a tramita\u00e7\u00e3o no Congresso, foi inclu\u00eddo um trecho que perdoa as multas aplicadas aos caminhoneiros que bloquearam rodovias ap\u00f3s as elei\u00e7\u00f5es presidenciais de 2022. Enquanto defensores dizem que as puni\u00e7\u00f5es foram persegui\u00e7\u00e3o pol\u00edtica, o governo argumenta que a anistia fere o Estado de Direito e a autoridade das for\u00e7as de seguran\u00e7a que aplicaram as multas na \u00e9poca.<\/p>\n<h2>Quais s\u00e3o as puni\u00e7\u00f5es para quem descumprir os valores da tabela?<\/h2>\n<p>A regra endurece a fiscaliza\u00e7\u00e3o. Empresas ou transportadoras que contratarem fretes por valores abaixo do piso estipulado pela ANTT (Ag\u00eancia Nacional de Transportes Terrestres) estar\u00e3o sujeitas a multas pesadas. Essas puni\u00e7\u00f5es s\u00e3o de natureza administrativa e podem variar entre R$ 100 mil e R$ 1 milh\u00e3o, dependendo do tamanho da empresa e se ela \u00e9 reincidente no erro.<\/p>\n<h2>Como o governo Lula pretende lidar com o texto aprovado?<\/h2>\n<p>O Planalto j\u00e1 sinalizou que o presidente deve vetar o trecho da anistia das multas. No entanto, essa escolha \u00e9 um risco pol\u00edtico: se vetar, Lula pode afastar ainda mais a categoria dos caminhoneiros, que j\u00e1 \u00e9 historicamente ligada \u00e0 oposi\u00e7\u00e3o. Se sancionar, estar\u00e1 abrindo m\u00e3o de puni\u00e7\u00f5es que o pr\u00f3prio governo considerava essenciais para manter a ordem nas estradas.<\/p>\n<h2>Qual foi a rea\u00e7\u00e3o do setor do agroneg\u00f3cio e das empresas?<\/h2>\n<p>Representantes do agroneg\u00f3cio criticam a medida por consider\u00e1-la uma interven\u00e7\u00e3o estatal excessiva na economia. Eles defendem que o pre\u00e7o deveria ser definido pela lei da oferta e da procura, e n\u00e3o por uma tabela fixa. J\u00e1 as empresas de transporte alertam para a inseguran\u00e7a jur\u00eddica que as puni\u00e7\u00f5es severas podem causar no setor produtivo.<\/p>\n<p><i>Conte\u00fado produzido a partir de informa\u00e7\u00f5es apuradas pela equipe de rep\u00f3rteres da Gazeta do Povo. Para acessar a informa\u00e7\u00e3o na \u00edntegra e se aprofundar sobre o tema leia a reportagem abaixo.<\/i><\/p>\n<p>VEJA TAMB\u00c9M:<\/p>\n<\/div>","protected":false},"excerpt":{"rendered":"<p>O Senado aprovou nesta ter\u00e7a-feira a MP do Frete, estabelecendo novos pisos m\u00ednimos para o transporte de cargas. A medida&hellip;<\/p>\n","protected":false},"author":4,"featured_media":560499,"comment_status":"open","ping_status":"open","sticky":false,"template":"","format":"standard","meta":{"footnotes":""},"categories":[241],"tags":[],"class_list":["post-562147","post","type-post","status-publish","format-standard","has-post-thumbnail","hentry","category-senado-federal"],"_links":{"self":[{"href":"https:\/\/villanews.com.br\/index.php?rest_route=\/wp\/v2\/posts\/562147","targetHints":{"allow":["GET"]}}],"collection":[{"href":"https:\/\/villanews.com.br\/index.php?rest_route=\/wp\/v2\/posts"}],"about":[{"href":"https:\/\/villanews.com.br\/index.php?rest_route=\/wp\/v2\/types\/post"}],"author":[{"embeddable":true,"href":"https:\/\/villanews.com.br\/index.php?rest_route=\/wp\/v2\/users\/4"}],"replies":[{"embeddable":true,"href":"https:\/\/villanews.com.br\/index.php?rest_route=%2Fwp%2Fv2%2Fcomments&post=562147"}],"version-history":[{"count":0,"href":"https:\/\/villanews.com.br\/index.php?rest_route=\/wp\/v2\/posts\/562147\/revisions"}],"wp:featuredmedia":[{"embeddable":true,"href":"https:\/\/villanews.com.br\/index.php?rest_route=\/wp\/v2\/media\/560499"}],"wp:attachment":[{"href":"https:\/\/villanews.com.br\/index.php?rest_route=%2Fwp%2Fv2%2Fmedia&parent=562147"}],"wp:term":[{"taxonomy":"category","embeddable":true,"href":"https:\/\/villanews.com.br\/index.php?rest_route=%2Fwp%2Fv2%2Fcategories&post=562147"},{"taxonomy":"post_tag","embeddable":true,"href":"https:\/\/villanews.com.br\/index.php?rest_route=%2Fwp%2Fv2%2Ftags&post=562147"}],"curies":[{"name":"wp","href":"https:\/\/api.w.org\/{rel}","templated":true}]}}