{"id":562124,"date":"2026-07-17T18:12:19","date_gmt":"2026-07-17T22:12:19","guid":{"rendered":"https:\/\/villanews.com.br\/?p=562124"},"modified":"2026-07-17T18:12:19","modified_gmt":"2026-07-17T22:12:19","slug":"moraes-retira-tornozeleira-de-humorista-pre-candidato-mas-mantem-veto-as-redes-sociais","status":"publish","type":"post","link":"https:\/\/villanews.com.br\/?p=562124","title":{"rendered":"Moraes retira tornozeleira de humorista pr\u00e9-candidato, mas mant\u00e9m veto \u00e0s redes sociais"},"content":{"rendered":"<div class=\"postLayout-module-scss-module__08MJ-a__postContent\">\n<div class=\"postMainImage-module-scss-module__gNWFKa__postMainImageInfo\"><img decoding=\"async\" src=\"https:\/\/media.gazetadopovo.com.br\/2026\/07\/17193211\/Design-sem-nome-1-1.jpg.webp\" \/><span>Bismark Fugazza anunciou sua pr\u00e9-candidatura a deputado federal por Santa Catarina pelo Podemos e recebeu apoio do senador e presidenci\u00e1vel\u00a0Fl\u00e1vio Bolsonaro (Foto: Reprodu\u00e7\u00e3o\/Instagram\/Bismark Fugazza)<\/span><\/div>\n<p>Ou\u00e7a este conte\u00fado<\/p>\n<div class=\"postBody-module-scss-module__8_WGKG__postBodyContainer\">\n<p class=\"postParagraph-module-scss-module__Tp8H3W__postParagraph postParagraph-module-scss-module__Tp8H3W__postParagraphInnerHtml\">O ministro Alexandre de Moraes, do Supremo Tribunal Federal (STF), revogou a obriga\u00e7\u00e3o de uso de tornozeleira eletr\u00f4nica e o recolhimento domiciliar noturno e nos fins de semana impostos ao humorista e influenciador Bismark Fugazza, pr\u00e9-candidato a deputado federal por Santa Catarina. O magistrado, no entanto, manteve outras medidas cautelares, como a proibi\u00e7\u00e3o de publicar conte\u00fados nas redes sociais.<\/p>\n<p class=\"postParagraph-module-scss-module__Tp8H3W__postParagraph postParagraph-module-scss-module__Tp8H3W__postParagraphInnerHtml\">A decis\u00e3o atendeu parcialmente a um pedido da defesa de Fugazza, que buscava a revoga\u00e7\u00e3o das restri\u00e7\u00f5es determinadas pelo STF. O influenciador continua sujeito a limita\u00e7\u00f5es impostas no \u00e2mbito dos inqu\u00e9ritos que investigam a suposta atua\u00e7\u00e3o de grupos em protestos anti-Lula que culminaram nos atos do dia 8 de janeiro de 2023.<\/p>\n<p class=\"postParagraph-module-scss-module__Tp8H3W__postParagraph postParagraph-module-scss-module__Tp8H3W__postParagraphInnerHtml\">A defesa de Bismark Fugazza, conhecido pelo canal de humor Hip\u00f3critas, alega que ele n\u00e3o estava no Brasil na data dos atos \u2014 encontrava-se na It\u00e1lia \u2014 e nega o envolvimento dele com as manifesta\u00e7\u00f5es.<\/p>\n<p>Ap\u00f3s passar 90 dias preso em regime fechado, ele obteve liberdade provis\u00f3ria mediante o cumprimento de medidas cautelares.<\/p>\n<p>Entre as restri\u00e7\u00f5es mantidas pelo STF est\u00e3o a proibi\u00e7\u00e3o de uso das redes sociais pessoais e do canal Hip\u00f3critas, al\u00e9m de outras determina\u00e7\u00f5es judiciais.<\/p>\n<p>A Pol\u00edcia Federal (PF), segundo a defesa do influenciador, n\u00e3o teria encontrado elementos suficientes para confirmar a acusa\u00e7\u00e3o de financiamento dos atos de 8 de janeiro.<\/p>\n<h3>Pr\u00e9-candidato com apoio de Fl\u00e1vio Bolsonaro<\/h3>\n<p class=\"postParagraph-module-scss-module__Tp8H3W__postParagraph postParagraph-module-scss-module__Tp8H3W__postParagraphInnerHtml\">Fugazza anunciou sua pr\u00e9-candidatura a deputado federal por Santa Catarina pelo Podemos e recebeu apoio do senador e presidenci\u00e1vel\u00a0Fl\u00e1vio Bolsonaro (PL-RJ). O lan\u00e7amento da pr\u00e9-campanha ocorreu em maio e reuniu cerca de 500 apoiadores.<\/p>\n<p class=\"postParagraph-module-scss-module__Tp8H3W__postParagraph postParagraph-module-scss-module__Tp8H3W__postParagraphInnerHtml\">O influenciador afirmou que sua candidatura ter\u00e1 como uma das principais bandeiras a defesa da liberdade de express\u00e3o e criticou as medidas impostas pelo Supremo. Segundo Fugazza, a investiga\u00e7\u00e3o conduzida pelo STF representa uma persegui\u00e7\u00e3o pol\u00edtica.<\/p>\n<p class=\"postParagraph-module-scss-module__Tp8H3W__postParagraph postParagraph-module-scss-module__Tp8H3W__postParagraphInnerHtml\">Com a decis\u00e3o de Moraes, Fugazza deixa de ser monitorado por tornozeleira eletr\u00f4nica, mas permanece impedido de utilizar as redes sociais enquanto as demais medidas cautelares continuarem em vigor.<\/p>\n<p>Est\u00e3o mantidas as seguintes medidas: proibi\u00e7\u00e3o de sair do pa\u00eds, de usar redes sociais, de portar armas e de contato com outros investigados.\u00a0\u00a0<\/p>\n<p>VEJA TAMB\u00c9M:<\/p>\n<\/div>\n<p>Encontrou algo errado na mat\u00e9ria?<\/p>\n<p>Comunique erros<\/p>\n<p>Use este espa\u00e7o apenas para a comunica\u00e7\u00e3o de erros<\/p>\n<\/div>","protected":false},"excerpt":{"rendered":"<p>Bismark Fugazza anunciou sua pr\u00e9-candidatura a deputado federal por Santa Catarina pelo Podemos e recebeu apoio do senador e presidenci\u00e1vel\u00a0Fl\u00e1vio&hellip;<\/p>\n","protected":false},"author":4,"featured_media":561988,"comment_status":"open","ping_status":"open","sticky":false,"template":"","format":"standard","meta":{"footnotes":""},"categories":[5],"tags":[],"class_list":["post-562124","post","type-post","status-publish","format-standard","has-post-thumbnail","hentry","category-politica"],"_links":{"self":[{"href":"https:\/\/villanews.com.br\/index.php?rest_route=\/wp\/v2\/posts\/562124","targetHints":{"allow":["GET"]}}],"collection":[{"href":"https:\/\/villanews.com.br\/index.php?rest_route=\/wp\/v2\/posts"}],"about":[{"href":"https:\/\/villanews.com.br\/index.php?rest_route=\/wp\/v2\/types\/post"}],"author":[{"embeddable":true,"href":"https:\/\/villanews.com.br\/index.php?rest_route=\/wp\/v2\/users\/4"}],"replies":[{"embeddable":true,"href":"https:\/\/villanews.com.br\/index.php?rest_route=%2Fwp%2Fv2%2Fcomments&post=562124"}],"version-history":[{"count":0,"href":"https:\/\/villanews.com.br\/index.php?rest_route=\/wp\/v2\/posts\/562124\/revisions"}],"wp:featuredmedia":[{"embeddable":true,"href":"https:\/\/villanews.com.br\/index.php?rest_route=\/wp\/v2\/media\/561988"}],"wp:attachment":[{"href":"https:\/\/villanews.com.br\/index.php?rest_route=%2Fwp%2Fv2%2Fmedia&parent=562124"}],"wp:term":[{"taxonomy":"category","embeddable":true,"href":"https:\/\/villanews.com.br\/index.php?rest_route=%2Fwp%2Fv2%2Fcategories&post=562124"},{"taxonomy":"post_tag","embeddable":true,"href":"https:\/\/villanews.com.br\/index.php?rest_route=%2Fwp%2Fv2%2Ftags&post=562124"}],"curies":[{"name":"wp","href":"https:\/\/api.w.org\/{rel}","templated":true}]}}