{"id":562077,"date":"2026-07-17T19:10:28","date_gmt":"2026-07-17T23:10:28","guid":{"rendered":"https:\/\/villanews.com.br\/?p=562077"},"modified":"2026-07-17T19:10:28","modified_gmt":"2026-07-17T23:10:28","slug":"eua-e-ira-atacam-infraestruturas-civis-e-militares-e-guerra-volta-a-ameacar-escalada","status":"publish","type":"post","link":"https:\/\/villanews.com.br\/?p=562077","title":{"rendered":"EUA e Ir\u00e3 atacam infraestruturas civis e militares e guerra volta a amea\u00e7ar escalada"},"content":{"rendered":"<div class=\"postBody-module-scss-module__8_WGKG__postBodyContainer\">\n<p>Os EUA e o Ir\u00e3 elevaram o tom da campanha militar atacando infraestruturas militares e civis nesta sexta-feira (17). Do lado americano, os bombardeios inclu\u00edram cinco pontes e um aeroporto. Teer\u00e3 respondeu atacando uma usina de energia e dessaliniza\u00e7\u00e3o do Kuwait, segundo ag\u00eancias internacionais.<\/p>\n<p>Ambos os lados t\u00eam adotado como estrat\u00e9gia ataques a infraestruturas que, em fases anteriores do conflito, poupadas. Washington e Teer\u00e3 v\u00eam testando os limites da escalada de tens\u00e3o desde que o acordo de cessar-fogo foi abandonado na semana passada, aumentando a possibilidade de uma guerra em larga escala.<\/p>\n<p>VEJA TAMB\u00c9M:<\/p>\n<p>Os pre\u00e7os de refer\u00eancia do petr\u00f3leo bruto Brent reagiram subindo 3% e caminharam para uma terceira alta semanal consecutiva, gerando press\u00e3o pol\u00edtica sobre o presidente dos EUA, Donald Trump, antes das elei\u00e7\u00f5es legislativas de novembro.<\/p>\n<h2>Trump n\u00e3o descarta ofensiva por terra<\/h2>\n<p>Trump amea\u00e7ou com ataques a\u00e9reos generalizados \u00e0 infraestrutura do Ir\u00e3 e tamb\u00e9m n\u00e3o descarta lan\u00e7ar uma ofensiva terrestre na costa ou nas ilhas iranianas.<\/p>\n<p>As autoridades dos EUA declararam que os ataques no sul do Ir\u00e3 tiveram por objetivo oferecer \u201cop\u00e7\u00f5es\u201d a Trump.<\/p>\n<p>Tais a\u00e7\u00f5es correriam o risco de provocar uma retalia\u00e7\u00e3o por parte do Ir\u00e3, que pode escalar o conflito atingindo a infraestrutura vital aos pa\u00edses do aliados Golfo, ou fazendo com que seus aliados no I\u00eamen perturbem ainda mais o fornecimento global de energia ao atacar navios no Mar Vermelho.<\/p>\n<p>O conselheiro do l\u00edder supremo do Ir\u00e3, Mohsen Rezaei, alertou nesta sexta-feira que os EUA deveriam evitar uma escalada americana ou qualquer tentativa de tomar o territ\u00f3rio iraniano.<\/p>\n<p>&#8220;Se os ataques dos EUA continuarem por mais alguns dias, passaremos para uma fase de opera\u00e7\u00f5es ofensivas em grande escala&#8221;, disse Rezaei, que \u00e9 ex-comandante do alto escal\u00e3o da Guarda Revolucion\u00e1ria, \u00e0 televis\u00e3o estatal.<\/p>\n<h2><strong>ONU fala em preocupa\u00e7\u00e3o com &#8220;ataques \u00e0 infraestrutura civil&#8221;<\/strong><\/h2>\n<p>O Secret\u00e1rio-Geral da ONU, Ant\u00f3nio Guterres, manifestou preocupa\u00e7\u00e3o com a escalada do conflito, criticando especialmente os \u201cataques \u00e0 infraestrutura civil no Ir\u00e3 e em toda a regi\u00e3o&#8221;, informou seu porta-voz.<\/p>\n<p>O Comando Central das For\u00e7as Armadas dos EUA informou anteriormente que seus alvos inclu\u00edam &#8220;infraestrutura log\u00edstica militar&#8221;, sendo a primeira vez em mais de uma semana que mencionou o termo \u201cinfraestrutura\u201d.<\/p>\n<p>&#8220;Os ataques foram projetados para continuar degradando as capacidades militares iranianas, sob a dire\u00e7\u00e3o do Comandante-em-Chefe&#8221;, dizia o comunicado no X.<\/p>\n<p>Pouco tempo depois, a m\u00eddia iraniana relatou explos\u00f5es ouvidas ou ataques realizados nas cidades de Sirik, Ahvaz e Yazd.<\/p>\n<p>A m\u00eddia estatal iraniana j\u00e1 havia informado que pelo menos cinco pontes foram atingidas no sul.<\/p>\n<p>Sete pessoas teriam morrido em ataques a pontes no porto de Bandar Khamir, no sul, onde a esta\u00e7\u00e3o de trem tamb\u00e9m foi atingida. Um aeroporto teria sido bombardeado mais a leste e longe da costa, em Iranshahr, uma prov\u00edncia que faz fronteira com o Paquist\u00e3o.<\/p>\n<p>V\u00eddeos verificados pela ag\u00eancia Reuters mostraram escombros, grades quebradas e um ve\u00edculo danificado em uma ponte destru\u00edda em Bandar Khamir. Um dos v\u00eddeos mostrava um inc\u00eandio.<\/p>\n<p>O Ministro das Rela\u00e7\u00f5es Exteriores do Ir\u00e3, Abbas Araqchi, disse que tr\u00eas moradores locais foram mortos enquanto cruzavam a ponte de Bandar Khamir, acrescentando que o Ir\u00e3 n\u00e3o deixaria o sangue deles &#8220;ser derramado em v\u00e3o&#8221;.<\/p>\n<\/div>","protected":false},"excerpt":{"rendered":"<p>Os EUA e o Ir\u00e3 elevaram o tom da campanha militar atacando infraestruturas militares e civis nesta sexta-feira (17). Do&hellip;<\/p>\n","protected":false},"author":4,"featured_media":562078,"comment_status":"open","ping_status":"open","sticky":false,"template":"","format":"standard","meta":{"footnotes":""},"categories":[204],"tags":[],"class_list":["post-562077","post","type-post","status-publish","format-standard","has-post-thumbnail","hentry","category-ultimas-noticias"],"_links":{"self":[{"href":"https:\/\/villanews.com.br\/index.php?rest_route=\/wp\/v2\/posts\/562077","targetHints":{"allow":["GET"]}}],"collection":[{"href":"https:\/\/villanews.com.br\/index.php?rest_route=\/wp\/v2\/posts"}],"about":[{"href":"https:\/\/villanews.com.br\/index.php?rest_route=\/wp\/v2\/types\/post"}],"author":[{"embeddable":true,"href":"https:\/\/villanews.com.br\/index.php?rest_route=\/wp\/v2\/users\/4"}],"replies":[{"embeddable":true,"href":"https:\/\/villanews.com.br\/index.php?rest_route=%2Fwp%2Fv2%2Fcomments&post=562077"}],"version-history":[{"count":0,"href":"https:\/\/villanews.com.br\/index.php?rest_route=\/wp\/v2\/posts\/562077\/revisions"}],"wp:featuredmedia":[{"embeddable":true,"href":"https:\/\/villanews.com.br\/index.php?rest_route=\/wp\/v2\/media\/562078"}],"wp:attachment":[{"href":"https:\/\/villanews.com.br\/index.php?rest_route=%2Fwp%2Fv2%2Fmedia&parent=562077"}],"wp:term":[{"taxonomy":"category","embeddable":true,"href":"https:\/\/villanews.com.br\/index.php?rest_route=%2Fwp%2Fv2%2Fcategories&post=562077"},{"taxonomy":"post_tag","embeddable":true,"href":"https:\/\/villanews.com.br\/index.php?rest_route=%2Fwp%2Fv2%2Ftags&post=562077"}],"curies":[{"name":"wp","href":"https:\/\/api.w.org\/{rel}","templated":true}]}}