{"id":562076,"date":"2026-07-17T17:14:43","date_gmt":"2026-07-17T21:14:43","guid":{"rendered":"https:\/\/villanews.com.br\/?p=562076"},"modified":"2026-07-17T17:14:43","modified_gmt":"2026-07-17T21:14:43","slug":"como-as-punicoes-sugeridas-por-moraes-podem-afetar-a-campanha-de-flavio","status":"publish","type":"post","link":"https:\/\/villanews.com.br\/?p=562076","title":{"rendered":"Como as puni\u00e7\u00f5es sugeridas por Moraes podem afetar a campanha de Fl\u00e1vio"},"content":{"rendered":"<div class=\"postBody-module-scss-module__8_WGKG__postBodyContainer\">\n<p>Na decis\u00e3o que proibiu o senador Fl\u00e1vio Bolsonaro (PL-RJ) de visitar Jair Bolsonaro por 90 dias, o ministro Alexandre de Moraes ressaltou que a divulga\u00e7\u00e3o da carta em que o ex-presidente reitera apoio ao filho na disputa presidencial pode configurar uma propaganda eleitoral antecipada.<\/p>\n<p>O ato, por\u00e9m, caso julgado irregular pela Justi\u00e7a Eleitoral, teria baixo impacto sobre a candidatura de Fl\u00e1vio, resultando, no m\u00e1ximo, na aplica\u00e7\u00e3o de multa. Na decis\u00e3o que suspendeu as visitas de Fl\u00e1vio a Jair Bolsonaro, Moraes citou precedentes que impuseram san\u00e7\u00f5es de R$ 5 mil e R$ 7,5 mil.<\/p>\n<p>O impacto maior, portanto, \u00e9 a proibi\u00e7\u00e3o de Fl\u00e1vio visitar Jair e articular sua campanha pol\u00edtica diretamente com o pai.<\/p>\n<p>Caber\u00e1 \u00e0 Procuradoria-Geral Eleitoral (PGE) apurar a conduta do pr\u00e9-candidato e, se considerar que houve conduta irregular, processar Fl\u00e1vio no Tribunal Superior Eleitoral (TSE) para julgar o caso.<\/p>\n<p>Para Moraes, ao divulgar a carta de Bolsonaro, Fl\u00e1vio praticou &#8220;promo\u00e7\u00e3o pol\u00edtica&#8221; de sua pr\u00e9-candidatura, com &#8220;utiliza\u00e7\u00e3o de express\u00f5es com carga sem\u00e2ntica equivalente a pedido expl\u00edcito de voto&#8221;, o que poderia configurar propaganda antecipada em per\u00edodo proibido, antes da campanha oficial, que come\u00e7a em 15 de agosto.<\/p>\n<p>Especialistas em direito eleitoral consultados pela <strong>Gazeta do Povo<\/strong> observam que a caracteriza\u00e7\u00e3o da propaganda antecipada depende da an\u00e1lise do contexto da manifesta\u00e7\u00e3o. Isso significa que a exist\u00eancia de precedentes n\u00e3o implica, automaticamente, eventual condena\u00e7\u00e3o de Fl\u00e1vio Bolsonaro.<\/p>\n<p>A compara\u00e7\u00e3o, contudo, indica que, caso o TSE entenda que a carta cont\u00e9m pedido impl\u00edcito de votos por equival\u00eancia sem\u00e2ntica, a resposta mais prov\u00e1vel seria a aplica\u00e7\u00e3o de multa e n\u00e3o medidas mais gravosas.<\/p>\n<p>\u201cPelo tensionamento do momento, talvez se aplique uma san\u00e7\u00e3o pecuni\u00e1ria, mas sem qualquer efeito sobre o registro da futura candidatura, sem inelegibilidade e sem repercuss\u00e3o no processo eleitoral em si\u201d, explica o advogado Peterson Vivan, especialista em direito eleitoral e presidente da comiss\u00e3o de direito eleitoral da OAB-Chapec\u00f3\/SC.<\/p>\n<p>Ele aponta ainda que para propaganda antecipada, a lei prev\u00ea apenas multa de R$ 5 mil a R$ 25 mil, al\u00e9m da remo\u00e7\u00e3o do conte\u00fado.<\/p>\n<p>Na carta, o ex-presidente diz que Fl\u00e1vio \u00e9 &#8220;a melhor op\u00e7\u00e3o para livrarmos o Brasil da corrup\u00e7\u00e3o, da viol\u00eancia e do empobrecimento&#8221; e que confia nele para &#8220;resgatar o Brasil e nos conduzir para a paz e a prosperidade&#8221;.<\/p>\n<p>Na vis\u00e3o de Vivan, por\u00e9m, n\u00e3o houve conduta irregular nos termos utilizados por Bolsonaro na carta divulgada por Fl\u00e1vio. \u201cTrata-se de um manuscrito de apoio pol\u00edtico e apoio pol\u00edtico n\u00e3o \u00e9 crime nem infra\u00e7\u00e3o eleitoral\u201d, afirma.<\/p>\n<p>VEJA TAMB\u00c9M:<\/p>\n<h2>O que dizem os precedentes citados por Moraes na decis\u00e3o?<\/h2>\n<p>O fundamento utilizado pelo ministro para pedir a apura\u00e7\u00e3o foi a possibilidade de haver um apelo indireto ao eleitorado, hip\u00f3tese que a jurisprud\u00eancia do TSE convencionou chamar de &#8220;pedido expl\u00edcito de voto por equival\u00eancia sem\u00e2ntica&#8221; ou, em linguagem difundida entre os especialistas, o uso de &#8220;palavras m\u00e1gicas&#8221;.<\/p>\n<p>Em um dos casos, relatado pelo ministro Antonio Carlos Ferreira, a Corte Eleitoral manteve a condena\u00e7\u00e3o de um pr\u00e9-candidato de Sergipe que divulgou v\u00eddeo em rede social com jingle eleitoral, repeti\u00e7\u00e3o do n\u00famero de urna e forte apelo ao eleitorado.<\/p>\n<p>Embora a grava\u00e7\u00e3o n\u00e3o contivesse a express\u00e3o &#8220;vote em&#8221;, o Tribunal concluiu que o conjunto da mensagem possu\u00eda carga sem\u00e2ntica equivalente, suficiente para caracterizar propaganda antecipada. Nesse caso, a san\u00e7\u00e3o aplicada foi multa de R$ 5 mil.<\/p>\n<p>Outro precedente citado por Moraes foi julgado em fevereiro deste ano, sob relatoria do ministro Floriano de Azevedo Marques. O caso envolvia um candidato a vereador da Para\u00edba condenado por propaganda antecipada ap\u00f3s discurso em conven\u00e7\u00e3o partid\u00e1ria posteriormente divulgado nas redes sociais.<\/p>\n<p>Entre as express\u00f5es consideradas irregulares estavam frases como &#8220;pe\u00e7o a colabora\u00e7\u00e3o de todos a\u00ed&#8221; e &#8220;eu vou estar l\u00e1 para lutar por voc\u00eas&#8221;. A multa fixada foi de R$ 7,5 mil.<\/p>\n<p>Nesse julgamento, o TSE tamb\u00e9m reuniu diversos precedentes para demonstrar que express\u00f5es aparentemente gen\u00e9ricas podem configurar propaganda antecipada quando analisadas dentro do contexto eleitoral.<\/p>\n<p>A Corte citou exemplos como &#8220;posso contar com voc\u00ea nessa jornada?&#8221;, &#8220;venha fazer parte dessa corrente do bem&#8221;, &#8220;posso contar com voc\u00eas?&#8221; e &#8220;vem com a gente nessa&#8221;, todas consideradas equivalentes a pedidos expl\u00edcitos de voto em decis\u00f5es anteriores.<\/p>\n<p>Para o advogado eleitoral Peterson Vivan, \u00e9 preciso distinguir aquilo que a legisla\u00e7\u00e3o permite no per\u00edodo pr\u00e9-eleitoral daquilo que o TSE convencionou chamar de &#8220;palavras m\u00e1gicas&#8221;.<\/p>\n<p>S\u00e3o permitidas manifesta\u00e7\u00f5es que n\u00e3o tenham conte\u00fado de propaganda eleitoral, como a men\u00e7\u00e3o \u00e0 pr\u00e9-candidatura, o enaltecimento de qualidades pessoais e o pedido de apoio pol\u00edtico. Segundo o advogado, o limite \u00e9 ultrapassado quando s\u00e3o utilizadas as chamadas &#8220;palavras m\u00e1gicas&#8221;, express\u00f5es que, apesar de n\u00e3o conterem um pedido expl\u00edcito de voto, equivalem juridicamente a um pedido de votos.<\/p>\n<p>Cientista pol\u00edtico focado em elei\u00e7\u00f5es, Tiago Valenciano vai al\u00e9m e chama a aten\u00e7\u00e3o para as palavras m\u00e1gicas e a forma como podem ser interpretadas de maneiras diversas. &#8220;Seria mais f\u00e1cil, no direito eleitoral brasileiro, que tiv\u00e9ssemos de maneira muito clara, expl\u00edcita e direta, o que pode e o que n\u00e3o pode&#8221;, afirma.<\/p>\n<p>Vivan sustenta, por\u00e9m, que os casos utilizados por Moraes possuem diferen\u00e7as relevantes em rela\u00e7\u00e3o \u00e0 carta de Bolsonaro.<\/p>\n<p>&#8220;No caso de Sergipe, havia jingle, repeti\u00e7\u00e3o do n\u00famero de urna, apoiadores uniformizados e estrutura t\u00edpica de campanha. Na Para\u00edba, o candidato dirigia ao eleitor frases como &#8216;pe\u00e7o a colabora\u00e7\u00e3o de todos&#8217;. Nos dois casos, a mensagem era dirigida ao eleitorado. Na carta, os destinat\u00e1rios s\u00e3o os aliados pol\u00edticos, convocados \u00e0 uni\u00e3o interna&#8221;, afirma.<\/p>\n<h2>Moraes n\u00e3o indica poss\u00edvel il\u00edcito na divulga\u00e7\u00e3o da carta por Fl\u00e1vio<\/h2>\n<p>No pedido de apura\u00e7\u00e3o \u00e0 Procuradoria-Geral Eleitoral, Moraes n\u00e3o indica diretamente quais express\u00f5es utilizadas por Fl\u00e1vio ou pelo pai seriam as \u201cpalavras m\u00e1gicas\u201d utilizadas para configurar propaganda eleitoral antecipada.<\/p>\n<p>Na avalia\u00e7\u00e3o do ministro, caber\u00e1 \u00e0 Justi\u00e7a Eleitoral verificar se o texto extrapola a mera manifesta\u00e7\u00e3o pol\u00edtica e passa a funcionar como instrumento de promo\u00e7\u00e3o eleitoral.<\/p>\n<p>O advogado eleitoral Peterson Vivan, por sua vez, destaca que a carta n\u00e3o tem os elementos que a jurisprud\u00eancia exige. \u201cN\u00e3o h\u00e1 pedido de voto, n\u00e3o h\u00e1 n\u00famero de urna, n\u00e3o h\u00e1 trecho de jingle, n\u00e3o h\u00e1 data do pleito, n\u00e3o h\u00e1 convoca\u00e7\u00e3o do eleitor a qualquer conduta, como votar, comparecer, \u2018vir junto\u2019\u201d, afirma.<\/p>\n<p>Por fim, Vivan pondera que a multa em si j\u00e1 n\u00e3o tem cabimento no contexto verificado. \u201cIr al\u00e9m extrapolaria o que a lei autoriza\u201d, afirma o advogado.<\/p>\n<\/div>","protected":false},"excerpt":{"rendered":"<p>Na decis\u00e3o que proibiu o senador Fl\u00e1vio Bolsonaro (PL-RJ) de visitar Jair Bolsonaro por 90 dias, o ministro Alexandre de&hellip;<\/p>\n","protected":false},"author":4,"featured_media":561877,"comment_status":"open","ping_status":"open","sticky":false,"template":"","format":"standard","meta":{"footnotes":""},"categories":[5],"tags":[],"class_list":["post-562076","post","type-post","status-publish","format-standard","has-post-thumbnail","hentry","category-politica"],"_links":{"self":[{"href":"https:\/\/villanews.com.br\/index.php?rest_route=\/wp\/v2\/posts\/562076","targetHints":{"allow":["GET"]}}],"collection":[{"href":"https:\/\/villanews.com.br\/index.php?rest_route=\/wp\/v2\/posts"}],"about":[{"href":"https:\/\/villanews.com.br\/index.php?rest_route=\/wp\/v2\/types\/post"}],"author":[{"embeddable":true,"href":"https:\/\/villanews.com.br\/index.php?rest_route=\/wp\/v2\/users\/4"}],"replies":[{"embeddable":true,"href":"https:\/\/villanews.com.br\/index.php?rest_route=%2Fwp%2Fv2%2Fcomments&post=562076"}],"version-history":[{"count":0,"href":"https:\/\/villanews.com.br\/index.php?rest_route=\/wp\/v2\/posts\/562076\/revisions"}],"wp:featuredmedia":[{"embeddable":true,"href":"https:\/\/villanews.com.br\/index.php?rest_route=\/wp\/v2\/media\/561877"}],"wp:attachment":[{"href":"https:\/\/villanews.com.br\/index.php?rest_route=%2Fwp%2Fv2%2Fmedia&parent=562076"}],"wp:term":[{"taxonomy":"category","embeddable":true,"href":"https:\/\/villanews.com.br\/index.php?rest_route=%2Fwp%2Fv2%2Fcategories&post=562076"},{"taxonomy":"post_tag","embeddable":true,"href":"https:\/\/villanews.com.br\/index.php?rest_route=%2Fwp%2Fv2%2Ftags&post=562076"}],"curies":[{"name":"wp","href":"https:\/\/api.w.org\/{rel}","templated":true}]}}