{"id":561986,"date":"2026-07-17T16:46:31","date_gmt":"2026-07-17T20:46:31","guid":{"rendered":"https:\/\/villanews.com.br\/?p=561986"},"modified":"2026-07-17T16:46:31","modified_gmt":"2026-07-17T20:46:31","slug":"prefeito-baiano-ameaca-mandar-embora-quem-nao-apoiar-governador-do-pt-mpe-investiga-o-caso","status":"publish","type":"post","link":"https:\/\/villanews.com.br\/?p=561986","title":{"rendered":"Prefeito baiano amea\u00e7a \u201cmandar embora\u201d quem n\u00e3o apoiar governador do PT; MPE investiga o caso"},"content":{"rendered":"<div class=\"postBody-module-scss-module__8_WGKG__postBodyContainer\">\n<p>O Minist\u00e9rio P\u00fablico Eleitoral (MPE) instaurou um procedimento para apurar as declara\u00e7\u00f5es do prefeito de \u00c9rico Cardoso (BA), Eraldo F\u00e9lix (Republicanos), que falou em &#8220;mandar embora&#8221; quem n\u00e3o apoiar a reelei\u00e7\u00e3o do governador petista Jer\u00f4nimo Rodrigues. Apesar de usar met\u00e1foras futebol\u00edsticas, a mensagem soou como uma amea\u00e7a a servidores municipais.<\/p>\n<p>No v\u00eddeo <a href=\"https:\/\/www.instagram.com\/p\/DaymMA3qqya\/\">publicado nas redes sociais<\/a> ao lado do vice-prefeito Deivison Mendon\u00e7a (PT), na ter\u00e7a-feira (14), o gestor afirmou que quem n\u00e3o estiver disposto a seguir as \u201cregras\u201d do grupo pol\u00edtico deveria deixar o \u201ctime\u201d.<\/p>\n<p>Ele comparou a disputa pol\u00edtica a uma partida de futebol e afirmou que, dentro da administra\u00e7\u00e3o municipal, \u201cs\u00f3 tem um t\u00e9cnico\u201d, em refer\u00eancia ao comando da prefeitura.<\/p>\n<p>Segundo F\u00e9lix, a inten\u00e7\u00e3o era deixar as \u201cregras claras\u201d antes do per\u00edodo eleitoral.<\/p>\n<p>Durante a fala, o prefeito afirmou n\u00e3o querer ferir a liberdade de express\u00e3o de ningu\u00e9m, mas cobrou o apoio daqueles que, segundo ele, est\u00e3o se beneficiando do trabalho realizado por sua gest\u00e3o.<\/p>\n<p>\u201cQueremos deixar bem claro para a popula\u00e7\u00e3o de \u00c1gua Quente [antigo nome de \u00c9rico Cardoso], aquele que n\u00e3o tiver a fim de fazer parte desse time, pede para sair logo agora. Porque a hora \u00e9 agora, para n\u00e3o me dar sequer a decep\u00e7\u00e3o de ter que mand\u00e1-los embora\u201d, disse F\u00e9lix no v\u00eddeo<\/p>\n<p>Segundo o prefeito, quem n\u00e3o concordar com o posicionamento pol\u00edtico da gest\u00e3o dever\u00e1 se retirar para evitar ser mandado embora posteriormente.<\/p>\n<p>&#8220;N\u00e3o quero ter a tristeza de mandar embora, mas se necess\u00e1rio for, pode ter a certeza, farei com a maior serenidade e tranquilidade poss\u00edvel&#8221;, afirmou.<\/p>\n<h2>MPE analisa poss\u00edvel constrangimento eleitoral<\/h2>\n<p>O procedimento instaurado pelo MPE busca avaliar se houve uso da estrutura da prefeitura para influenciar a liberdade de escolha dos servidores. A legisla\u00e7\u00e3o eleitoral garante que o voto \u00e9 livre e secreto e pro\u00edbe pr\u00e1ticas de press\u00e3o ou coa\u00e7\u00e3o sobre eleitores.<\/p>\n<p>\u201cAinda na data de ontem, foi instaurado o competente procedimento, com remessa do expediente ao Procurador Regional Eleitoral para a ado\u00e7\u00e3o das medidas judiciais cab\u00edveis\u201d, diz um trecho da nota oficial divulgada na quinta-feira (16), assinada pelo Promotor de Justi\u00e7a Victor de Ara\u00fajo Fagundes, da 111\u00aa Zona Eleitoral de Paramirim.<\/p>\n<p>A <strong>Gazeta do Povo<\/strong> entrou em contato com o gabinete do prefeito Eraldo F\u00e9lix para solicitar uma manifesta\u00e7\u00e3o sobre as declara\u00e7\u00f5es e o procedimento instaurado pelo MPE, mas n\u00e3o recebeu resposta at\u00e9 o fechamento desta mat\u00e9ria. O jornal segue aberto para publicar a manifesta\u00e7\u00e3o do prefeito caso ela seja enviada posteriormente.<\/p>\n<p>VEJA TAMB\u00c9M:<\/p>\n<\/div>","protected":false},"excerpt":{"rendered":"<p>O Minist\u00e9rio P\u00fablico Eleitoral (MPE) instaurou um procedimento para apurar as declara\u00e7\u00f5es do prefeito de \u00c9rico Cardoso (BA), Eraldo F\u00e9lix&hellip;<\/p>\n","protected":false},"author":4,"featured_media":561828,"comment_status":"open","ping_status":"open","sticky":false,"template":"","format":"standard","meta":{"footnotes":""},"categories":[5],"tags":[],"class_list":["post-561986","post","type-post","status-publish","format-standard","has-post-thumbnail","hentry","category-politica"],"_links":{"self":[{"href":"https:\/\/villanews.com.br\/index.php?rest_route=\/wp\/v2\/posts\/561986","targetHints":{"allow":["GET"]}}],"collection":[{"href":"https:\/\/villanews.com.br\/index.php?rest_route=\/wp\/v2\/posts"}],"about":[{"href":"https:\/\/villanews.com.br\/index.php?rest_route=\/wp\/v2\/types\/post"}],"author":[{"embeddable":true,"href":"https:\/\/villanews.com.br\/index.php?rest_route=\/wp\/v2\/users\/4"}],"replies":[{"embeddable":true,"href":"https:\/\/villanews.com.br\/index.php?rest_route=%2Fwp%2Fv2%2Fcomments&post=561986"}],"version-history":[{"count":0,"href":"https:\/\/villanews.com.br\/index.php?rest_route=\/wp\/v2\/posts\/561986\/revisions"}],"wp:featuredmedia":[{"embeddable":true,"href":"https:\/\/villanews.com.br\/index.php?rest_route=\/wp\/v2\/media\/561828"}],"wp:attachment":[{"href":"https:\/\/villanews.com.br\/index.php?rest_route=%2Fwp%2Fv2%2Fmedia&parent=561986"}],"wp:term":[{"taxonomy":"category","embeddable":true,"href":"https:\/\/villanews.com.br\/index.php?rest_route=%2Fwp%2Fv2%2Fcategories&post=561986"},{"taxonomy":"post_tag","embeddable":true,"href":"https:\/\/villanews.com.br\/index.php?rest_route=%2Fwp%2Fv2%2Ftags&post=561986"}],"curies":[{"name":"wp","href":"https:\/\/api.w.org\/{rel}","templated":true}]}}