{"id":561910,"date":"2026-07-17T16:55:05","date_gmt":"2026-07-17T20:55:05","guid":{"rendered":"https:\/\/villanews.com.br\/?p=561910"},"modified":"2026-07-17T16:55:05","modified_gmt":"2026-07-17T20:55:05","slug":"relatorio-medico-diz-que-bolsonaro-teve-crise-de-solucos-por-36-horas","status":"publish","type":"post","link":"https:\/\/villanews.com.br\/?p=561910","title":{"rendered":"Relat\u00f3rio m\u00e9dico diz que Bolsonaro teve crise de solu\u00e7os por 36 horas"},"content":{"rendered":"<div class=\"postBody-module-scss-module__8_WGKG__postBodyContainer\">\n<p>O ex-presidente <a href=\"https:\/\/www.gazetadopovo.com.br\/tudo-sobre\/jair-bolsonaro\/\">Jair Bolsonaro<\/a> (PL) teve um epis\u00f3dio \u201cforte e prolongado\u201d de solu\u00e7os nesta semana e precisou de doses extras de medicamento para conter a crise. A informa\u00e7\u00e3o consta no relat\u00f3rio m\u00e9dico enviado nesta sexta-feira (17) ao ministro Alexandre de Moraes, do Supremo Tribunal Federal (STF).<\/p>\n<p>Bolsonaro cumpre pena de 27 anos e 3 meses de pris\u00e3o pela suposta tentativa de golpe de Estado em regime domiciliar desde mar\u00e7o. O cardiologista Brasil Caiado relatou que a crise de solu\u00e7os durou 36 horas consecutivas.<\/p>\n<p>\u201cO paciente vinha apresentando estabilidade nas \u00faltimas semanas, por\u00e9m h\u00e1 3 dias apresentou recorr\u00eancia com forte e prolongado epis\u00f3dio de solu\u00e7o (singulto), de forma cont\u00ednua, com dura\u00e7\u00e3o aproximada de 36 horas consecutivas\u201d, disse Caiado.<\/p>\n<p>VEJA TAMB\u00c9M:<\/p>\n<p>O m\u00e9dico afirmou que a administra\u00e7\u00e3o de doses extras das medica\u00e7\u00f5es teve uma \u201cresposta satisfat\u00f3ria\u201d. Embora o ex-presidente apresente estabilidade hemodin\u00e2mica, respirat\u00f3ria e cardiol\u00f3gica, o laudo aponta que ele ainda lida com efeitos secund\u00e1rios de medicamentos de a\u00e7\u00e3o central.<\/p>\n<p>Os principais sintomas relatados s\u00e3o sonol\u00eancia e instabilidade cr\u00f4nica do equil\u00edbrio corporal. Em raz\u00e3o disso, Bolsonaro segue uma dieta rigorosa e mant\u00e9m cuidados preventivos contra quedas e refluxo gastroesof\u00e1gico.<\/p>\n<p>O fisioterapeuta Kleber Caiado de Freitas, que acompanha a evolu\u00e7\u00e3o de Bolsonaro ap\u00f3s a cirurgia no ombro direito, recomendou a manuten\u00e7\u00e3o do tratamento, que foca na recupera\u00e7\u00e3o funcional e no ganho de amplitude de movimento.<\/p>\n<p>VEJA TAMB\u00c9M:<\/p>\n<\/div>","protected":false},"excerpt":{"rendered":"<p>O ex-presidente Jair Bolsonaro (PL) teve um epis\u00f3dio \u201cforte e prolongado\u201d de solu\u00e7os nesta semana e precisou de doses extras&hellip;<\/p>\n","protected":false},"author":4,"featured_media":561834,"comment_status":"open","ping_status":"open","sticky":false,"template":"","format":"standard","meta":{"footnotes":""},"categories":[204],"tags":[],"class_list":["post-561910","post","type-post","status-publish","format-standard","has-post-thumbnail","hentry","category-ultimas-noticias"],"_links":{"self":[{"href":"https:\/\/villanews.com.br\/index.php?rest_route=\/wp\/v2\/posts\/561910","targetHints":{"allow":["GET"]}}],"collection":[{"href":"https:\/\/villanews.com.br\/index.php?rest_route=\/wp\/v2\/posts"}],"about":[{"href":"https:\/\/villanews.com.br\/index.php?rest_route=\/wp\/v2\/types\/post"}],"author":[{"embeddable":true,"href":"https:\/\/villanews.com.br\/index.php?rest_route=\/wp\/v2\/users\/4"}],"replies":[{"embeddable":true,"href":"https:\/\/villanews.com.br\/index.php?rest_route=%2Fwp%2Fv2%2Fcomments&post=561910"}],"version-history":[{"count":0,"href":"https:\/\/villanews.com.br\/index.php?rest_route=\/wp\/v2\/posts\/561910\/revisions"}],"wp:featuredmedia":[{"embeddable":true,"href":"https:\/\/villanews.com.br\/index.php?rest_route=\/wp\/v2\/media\/561834"}],"wp:attachment":[{"href":"https:\/\/villanews.com.br\/index.php?rest_route=%2Fwp%2Fv2%2Fmedia&parent=561910"}],"wp:term":[{"taxonomy":"category","embeddable":true,"href":"https:\/\/villanews.com.br\/index.php?rest_route=%2Fwp%2Fv2%2Fcategories&post=561910"},{"taxonomy":"post_tag","embeddable":true,"href":"https:\/\/villanews.com.br\/index.php?rest_route=%2Fwp%2Fv2%2Ftags&post=561910"}],"curies":[{"name":"wp","href":"https:\/\/api.w.org\/{rel}","templated":true}]}}