{"id":561875,"date":"2026-07-17T16:10:58","date_gmt":"2026-07-17T20:10:58","guid":{"rendered":"https:\/\/villanews.com.br\/?p=561875"},"modified":"2026-07-17T16:10:58","modified_gmt":"2026-07-17T20:10:58","slug":"lula-evita-tarifaco-cobra-respeito-e-diz-que-contra-o-brasil-ninguem-ganha-mentindo","status":"publish","type":"post","link":"https:\/\/villanews.com.br\/?p=561875","title":{"rendered":"Lula evita tarifa\u00e7o, cobra respeito e diz que \u201ccontra o Brasil ningu\u00e9m ganha mentindo\u201d"},"content":{"rendered":"<div class=\"postBody-module-scss-module__8_WGKG__postBodyContainer\">\n<p>O presidente Luiz In\u00e1cio Lula da Silva (PT) afirmou nesta sexta-feira (17) que s\u00f3 comentar\u00e1 o <a href=\"https:\/\/www.gazetadopovo.com.br\/mundo\/governo-trump-oficializa-novo-tarifaco-ao-brasil-por-praticas-comerciais-desleais\/\">novo tarifa\u00e7o<\/a> imposto pelos Estados Unidos depois que o presidente norte-americano Donald Trump se manifestar sobre o tema. Apesar de evitar o assunto, Lula destacou que \u201ccontra o Brasil ningu\u00e9m ganha mentindo\u201d.<\/p>\n<p>&#8220;Vou deixar para falar do tarifa\u00e7o quando o Trump falar. Quando o Trump falar, eu falarei. Enquanto ele n\u00e3o falar, eu n\u00e3o falarei. Porque n\u00f3s vamos mostrar que contra o Brasil ningu\u00e9m ganha mentindo. Ou \u00e9 mais verdadeiro que n\u00f3s ou n\u00e3o vai enganar a sociedade brasileira&#8221;, afirmou.<\/p>\n<p>A declara\u00e7\u00e3o ocorreu durante uma visita do presidente \u00e0 Carreta da Sa\u00fade da Mulher, no Rio de Janeiro. Durante o evento, Lula disse ainda que o Brasil n\u00e3o aceita \u201cdesaforo\u201d e cobrou respeito.<\/p>\n<p>VEJA TAMB\u00c9M:<\/p>\n<p>&#8220;Esse pa\u00eds precisa estar de cabe\u00e7a erguida, porque esse pa\u00eds n\u00e3o aceita que nenhum outro pa\u00eds do mundo fa\u00e7a desaforo para o Brasil. Queremos respeito da mesma forma que damos respeito para todo mundo&#8221;, enfatizou.<\/p>\n<p>O presidente j\u00e1 se manifestou sobre o tarifa\u00e7o nas redes sociais, compartilhando manifesta\u00e7\u00f5es dos ministros do governo.<\/p>\n<p>\u201cApontamos que n\u00e3o h\u00e1 justificativa para as tarifas anunciadas. N\u00e3o vamos abrir m\u00e3o de defender o nosso Pix, a nossa soberania e os produtores brasileiros\u201d, disse Lula em uma das publica\u00e7\u00e3o.<\/p>\n<p>O secret\u00e1rio de Estado americano, Marco Rubio, acusou Lula de colocar \u201cseu ego\u201d acima de um poss\u00edvel acordo. Em resposta, o ministro das Rela\u00e7\u00f5es Exteriores, Mauro Vieira, afirmou que a conduta do secret\u00e1rio americano foi \u201cgrosseira e arrogante\u201d.<\/p>\n<p>O Escrit\u00f3rio do Representante Comercial (USTR, na sigla em ingl\u00eas), formalizou a imposi\u00e7\u00e3o de uma tarifa de 25% sobre todas as importa\u00e7\u00f5es provenientes do Brasil, com in\u00edcio previsto para 22 de julho de 2026.<\/p>\n<p>A medida \u00e9 resultado de uma investiga\u00e7\u00e3o da &#8220;Se\u00e7\u00e3o 301&#8221; que apontou pr\u00e1ticas comerciais desleais e pol\u00edticas brasileiras prejudiciais ao com\u00e9rcio digital, pagamentos eletr\u00f4nicos e meio ambiente.<\/p>\n<p>O governo brasileiro rebateu as acusa\u00e7\u00f5es, est\u00e1 avaliando a aplica\u00e7\u00e3o da <a href=\"https:\/\/www.gazetadopovo.com.br\/republica\/governo-anuncia-retaliacao-ao-tarifaco-dos-eua-e-culpa-familia-bolsonaro\/\">Lei da Reciprocidade<\/a>, mas destacou que est\u00e1 disposto a negociar.<\/p>\n<p>\u201cN\u00e3o h\u00e1 justificativa para medidas unilaterais contra o nosso pa\u00eds. Segundo estat\u00edsticas do pr\u00f3prio governo norte-americano, os EUA acumularam nos \u00faltimos 15 anos US$ 424,5 bilh\u00f5es em super\u00e1vit de bens e servi\u00e7os com o Brasil\u201d, disse o Planalto, em nota ap\u00f3s o an\u00fancio.<\/p>\n<p>VEJA TAMB\u00c9M:<\/p>\n<\/div>","protected":false},"excerpt":{"rendered":"<p>O presidente Luiz In\u00e1cio Lula da Silva (PT) afirmou nesta sexta-feira (17) que s\u00f3 comentar\u00e1 o novo tarifa\u00e7o imposto pelos&hellip;<\/p>\n","protected":false},"author":4,"featured_media":561783,"comment_status":"open","ping_status":"open","sticky":false,"template":"","format":"standard","meta":{"footnotes":""},"categories":[5],"tags":[],"class_list":["post-561875","post","type-post","status-publish","format-standard","has-post-thumbnail","hentry","category-politica"],"_links":{"self":[{"href":"https:\/\/villanews.com.br\/index.php?rest_route=\/wp\/v2\/posts\/561875","targetHints":{"allow":["GET"]}}],"collection":[{"href":"https:\/\/villanews.com.br\/index.php?rest_route=\/wp\/v2\/posts"}],"about":[{"href":"https:\/\/villanews.com.br\/index.php?rest_route=\/wp\/v2\/types\/post"}],"author":[{"embeddable":true,"href":"https:\/\/villanews.com.br\/index.php?rest_route=\/wp\/v2\/users\/4"}],"replies":[{"embeddable":true,"href":"https:\/\/villanews.com.br\/index.php?rest_route=%2Fwp%2Fv2%2Fcomments&post=561875"}],"version-history":[{"count":0,"href":"https:\/\/villanews.com.br\/index.php?rest_route=\/wp\/v2\/posts\/561875\/revisions"}],"wp:featuredmedia":[{"embeddable":true,"href":"https:\/\/villanews.com.br\/index.php?rest_route=\/wp\/v2\/media\/561783"}],"wp:attachment":[{"href":"https:\/\/villanews.com.br\/index.php?rest_route=%2Fwp%2Fv2%2Fmedia&parent=561875"}],"wp:term":[{"taxonomy":"category","embeddable":true,"href":"https:\/\/villanews.com.br\/index.php?rest_route=%2Fwp%2Fv2%2Fcategories&post=561875"},{"taxonomy":"post_tag","embeddable":true,"href":"https:\/\/villanews.com.br\/index.php?rest_route=%2Fwp%2Fv2%2Ftags&post=561875"}],"curies":[{"name":"wp","href":"https:\/\/api.w.org\/{rel}","templated":true}]}}