{"id":561851,"date":"2026-07-17T16:12:00","date_gmt":"2026-07-17T20:12:00","guid":{"rendered":"https:\/\/villanews.com.br\/?p=561851"},"modified":"2026-07-17T16:12:00","modified_gmt":"2026-07-17T20:12:00","slug":"uruguaio-que-disputou-a-copa-e-expulso-pela-lei-vini-jr-no-mexico","status":"publish","type":"post","link":"https:\/\/villanews.com.br\/?p=561851","title":{"rendered":"Uruguaio que disputou a Copa \u00e9 expulso pela &#8216;lei Vini Jr.&#8217; no M\u00e9xico"},"content":{"rendered":"<article class=\"mb-12\">\n<h2>A &#8220;lei Vini Jr.&#8221; come\u00e7ou a ser aplicada na Copa do Mundo e s\u00f3 se aplica em casos claros de discuss\u00e3o, confus\u00e3o e provoca\u00e7\u00e3o<\/h2>\n<p><img decoding=\"async\" src=\"https:\/\/media-manager.noticiasaominuto.com.br\/960\/naom_6a5a75b7ca6ac.webp\" \/><\/p>\n<p>\u00a9 Getty Images<\/p>\n<p><img decoding=\"async\" src=\"https:\/\/noticiasaominutobr-img.com\/team\/naom.png\" \/><\/p>\n<p><span><br \/>\n                    17\/07\/2026 17:12 \u2027<br \/>\n                    h\u00e1 50 minutos<br \/>\n                    por Folhapress<br \/>\n                <\/span><\/p>\n<p>\n                        Esporte\n                    <\/p>\n<p>\n<a href=\"https:\/\/www.noticiasaominuto.com.br\/politica\/tag\/justica\"><br \/>\n                                Justi\u00e7a<br \/>\n                            <\/a>\n<\/p>\n<div class=\"article-content mb-24 font-slab text-paragraph font-light\">\n<p><span>S<\/span>\u00c3O PAULO, SP (UOL\/FOLHAPRESS) &#8211; O atacante Rodrigo Aguirre, que disputou a Copa do Mundo pelo Uruguai, foi expulso por causa da &#8220;lei Vini Jr.&#8221; durante um jogo do Campeonato Mexicano.<\/p>\n<p>                                                                    \u00a0<\/p>\n<p>O uruguaio, que joga pelo Tigres, usou a m\u00e3o para tapar a boca enquanto discutia com um rival durante o jogo entre Tijuana. O lance aconteceu no final do primeiro tempo.<\/p>\n<p>Aguirre discutia com G\u00f3mez, do Tijuana, quando cobriu a boca para falar algo. O \u00e1rbitro n\u00e3o percebeu o momento em campo, mas foi alertado pelo VAR, foi ao monitor, checou o lance e expulsou o uruguaio em seguida. O Tijuana venceu o confronto por 3 a 1.<\/p>\n<p>A &#8220;lei Vini Jr.&#8221; come\u00e7ou a ser aplicada na Copa do Mundo. O meio-campista Miguel Almir\u00f3n (Paraguai) e o zagueiro Piero Hincapi\u00e9 (Equador) foram expulsos nos jogos contra Turquia e M\u00e9xico, respectivamente, por taparem a boca enquanto discutiam com rivais.<\/p>\n<p>A lei s\u00f3 se aplica em casos claros de discuss\u00e3o, confus\u00e3o e provoca\u00e7\u00e3o. Se os jogadores estiverem uma conversa normal, ela n\u00e3o \u00e9 usada, como foi o caso do ingl\u00eas Bellingham no jogo contra Gana, tamb\u00e9m na Copa do Mundo.<\/p>\n<p>A &#8220;lei Vini Jr.&#8221; foi debatida na \u00faltima reuni\u00e3o da IFAB, \u00f3rg\u00e3o que define as regras do futebol, ap\u00f3s o caso envolvendo Vini Jr. e Prestianni, durante jogo entre Real Madrid e Benfica, pela Champions League. Na ocasi\u00e3o, o argentino foi acusado de ter tapado a boca para fazer ofensas racistas ao brasileiro.<\/p>\n<p>Leia Tamb\u00e9m: <a href=\"https:\/\/www.noticiasaominuto.com.br\/esporte\/2398262\/fluminense-e-red-bull-bragantino-fazem-duelo-de-g-5-na-volta-do-brasileirao\">Fluminense e Red Bull Bragantino fazem duelo de G-5 na volta do Brasileir\u00e3o<\/a><\/p>\n<\/div>\n<p><a href=\"https:\/\/www.google.com\/preferences\/source?q=noticiasaominuto.com.br\"><\/a><\/p>\n<p><strong>Escolha o Not\u00edcias ao Minuto como fonte preferida no Google<\/strong><br \/>\n<span><br \/>\n        Receba as nossas not\u00edcias com mais destaque sempre que pesquisar no Google.<br \/>\n    <\/span> <\/p><\/article>","protected":false},"excerpt":{"rendered":"<p>A &#8220;lei Vini Jr.&#8221; come\u00e7ou a ser aplicada na Copa do Mundo e s\u00f3 se aplica em casos claros de&hellip;<\/p>\n","protected":false},"author":4,"featured_media":561852,"comment_status":"open","ping_status":"open","sticky":false,"template":"","format":"standard","meta":{"footnotes":""},"categories":[6],"tags":[],"class_list":["post-561851","post","type-post","status-publish","format-standard","has-post-thumbnail","hentry","category-esportes"],"_links":{"self":[{"href":"https:\/\/villanews.com.br\/index.php?rest_route=\/wp\/v2\/posts\/561851","targetHints":{"allow":["GET"]}}],"collection":[{"href":"https:\/\/villanews.com.br\/index.php?rest_route=\/wp\/v2\/posts"}],"about":[{"href":"https:\/\/villanews.com.br\/index.php?rest_route=\/wp\/v2\/types\/post"}],"author":[{"embeddable":true,"href":"https:\/\/villanews.com.br\/index.php?rest_route=\/wp\/v2\/users\/4"}],"replies":[{"embeddable":true,"href":"https:\/\/villanews.com.br\/index.php?rest_route=%2Fwp%2Fv2%2Fcomments&post=561851"}],"version-history":[{"count":0,"href":"https:\/\/villanews.com.br\/index.php?rest_route=\/wp\/v2\/posts\/561851\/revisions"}],"wp:featuredmedia":[{"embeddable":true,"href":"https:\/\/villanews.com.br\/index.php?rest_route=\/wp\/v2\/media\/561852"}],"wp:attachment":[{"href":"https:\/\/villanews.com.br\/index.php?rest_route=%2Fwp%2Fv2%2Fmedia&parent=561851"}],"wp:term":[{"taxonomy":"category","embeddable":true,"href":"https:\/\/villanews.com.br\/index.php?rest_route=%2Fwp%2Fv2%2Fcategories&post=561851"},{"taxonomy":"post_tag","embeddable":true,"href":"https:\/\/villanews.com.br\/index.php?rest_route=%2Fwp%2Fv2%2Ftags&post=561851"}],"curies":[{"name":"wp","href":"https:\/\/api.w.org\/{rel}","templated":true}]}}