{"id":561781,"date":"2026-07-17T13:48:43","date_gmt":"2026-07-17T17:48:43","guid":{"rendered":"https:\/\/villanews.com.br\/?p=561781"},"modified":"2026-07-17T13:48:43","modified_gmt":"2026-07-17T17:48:43","slug":"caiado-ve-ganho-a-lula-em-critica-de-marco-rubio-sobre-tarifaco","status":"publish","type":"post","link":"https:\/\/villanews.com.br\/?p=561781","title":{"rendered":"Caiado v\u00ea ganho a Lula em cr\u00edtica de Marco Rubio sobre tarifa\u00e7o"},"content":{"rendered":"<div class=\"postBody-module-scss-module__8_WGKG__postBodyContainer\">\n<p>O ex-governador de Goi\u00e1s Ronaldo Caiado (PSD) acredita que o presidente Lula (PT) pode acabar sendo beneficiado com a fala do secret\u00e1rio de Estado dos Estados Unidos, Marco Rubio, que atribuiu a ele a responsabilidade pela sobretaxa de 25% contra produtos brasileiros. A avalia\u00e7\u00e3o ocorreu durante uma agenda em Santo \u00c2ngelo (RS) nesta sexta-feira (17).<\/p>\n<p>Ap\u00f3s a confirma\u00e7\u00e3o do novo tarifa\u00e7o, Rubio veio a p\u00fablico para comentar a decis\u00e3o motivada pelo relat\u00f3rio do Escrit\u00f3rio do Representante Comercial dos Estados Unidos (USTR). &#8220;Que n\u00e3o haja confus\u00e3o sobre o porqu\u00ea: o Presidente Lula e seu governo n\u00e3o negociaram com os Estados Unidos de boa-f\u00e9. Suas pol\u00edticas econ\u00f4micas s\u00e3o ruins para os americanos e ruins para os brasileiros. No \u00faltimo ano, Lula colocou seu pr\u00f3prio ego \u00e0 frente de fechar um acordo pelo bem-estar do povo brasileiro, e essas tarifas s\u00e3o o pre\u00e7o por isso&#8221;, escreveu.<\/p>\n<p>Para o pr\u00e9-candidato \u00e0 Presid\u00eancia, a fala foi &#8220;infeliz&#8221;, uma vez que, ao atribuir a medida ao relacionamento com o petista, o governo americano &#8220;est\u00e1 deixando de olhar para 215 milh\u00f5es de brasileiros&#8221;. Sua conclus\u00e3o \u00e9 de que Rubio pode estar, na pr\u00e1tica, atuando como &#8220;cabo eleitoral&#8221; de Lula.<\/p>\n<p>VEJA TAMB\u00c9M:<\/p>\n<p>Caiado se posiciona como de centro-direita e mant\u00e9m cr\u00edticas aos dois principais nomes no pleito. Para ele, tanto Fl\u00e1vio quanto Lula estariam interessados na tarifa por conta das elei\u00e7\u00f5es. Sobre o atual presidente, o ex-governador opinou que h\u00e1 uma inten\u00e7\u00e3o de &#8220;posar de patriota&#8221; que esconderia, na verdade, que &#8220;ele j\u00e1 entregou o Brasil para a corrup\u00e7\u00e3o e para o crime organizado&#8221;.<\/p>\n<p>O USTR apontou pr\u00e1ticas desleais por parte do Brasil, como a exist\u00eancia do Pix, al\u00e9m de quest\u00f5es pol\u00edticas, como decis\u00f5es judiciais censoras e corrup\u00e7\u00e3o. Mesmo assim, ficaram de fora do tarifa\u00e7o 2.126 produtos, entre eles o caf\u00e9, carne bovina, medicamentos, vacinas, aeronaves, notebooks, entre outros.<\/p>\n<p>A <strong>Gazeta do Povo<\/strong> entrou em contato com a Presid\u00eancia. O espa\u00e7o segue aberto para manifesta\u00e7\u00e3o.<\/p>\n<\/div>","protected":false},"excerpt":{"rendered":"<p>O ex-governador de Goi\u00e1s Ronaldo Caiado (PSD) acredita que o presidente Lula (PT) pode acabar sendo beneficiado com a fala&hellip;<\/p>\n","protected":false},"author":4,"featured_media":561506,"comment_status":"open","ping_status":"open","sticky":false,"template":"","format":"standard","meta":{"footnotes":""},"categories":[5],"tags":[],"class_list":["post-561781","post","type-post","status-publish","format-standard","has-post-thumbnail","hentry","category-politica"],"_links":{"self":[{"href":"https:\/\/villanews.com.br\/index.php?rest_route=\/wp\/v2\/posts\/561781","targetHints":{"allow":["GET"]}}],"collection":[{"href":"https:\/\/villanews.com.br\/index.php?rest_route=\/wp\/v2\/posts"}],"about":[{"href":"https:\/\/villanews.com.br\/index.php?rest_route=\/wp\/v2\/types\/post"}],"author":[{"embeddable":true,"href":"https:\/\/villanews.com.br\/index.php?rest_route=\/wp\/v2\/users\/4"}],"replies":[{"embeddable":true,"href":"https:\/\/villanews.com.br\/index.php?rest_route=%2Fwp%2Fv2%2Fcomments&post=561781"}],"version-history":[{"count":0,"href":"https:\/\/villanews.com.br\/index.php?rest_route=\/wp\/v2\/posts\/561781\/revisions"}],"wp:featuredmedia":[{"embeddable":true,"href":"https:\/\/villanews.com.br\/index.php?rest_route=\/wp\/v2\/media\/561506"}],"wp:attachment":[{"href":"https:\/\/villanews.com.br\/index.php?rest_route=%2Fwp%2Fv2%2Fmedia&parent=561781"}],"wp:term":[{"taxonomy":"category","embeddable":true,"href":"https:\/\/villanews.com.br\/index.php?rest_route=%2Fwp%2Fv2%2Fcategories&post=561781"},{"taxonomy":"post_tag","embeddable":true,"href":"https:\/\/villanews.com.br\/index.php?rest_route=%2Fwp%2Fv2%2Ftags&post=561781"}],"curies":[{"name":"wp","href":"https:\/\/api.w.org\/{rel}","templated":true}]}}