{"id":561766,"date":"2026-07-17T16:07:43","date_gmt":"2026-07-17T20:07:43","guid":{"rendered":"https:\/\/villanews.com.br\/?p=561766"},"modified":"2026-07-17T16:07:43","modified_gmt":"2026-07-17T20:07:43","slug":"por-que-o-cardeal-john-onaiyekan-acusa-o-governo-da-nigeria-de-omissao","status":"publish","type":"post","link":"https:\/\/villanews.com.br\/?p=561766","title":{"rendered":"Por que o cardeal John Onaiyekan acusa o governo da Nig\u00e9ria de omiss\u00e3o?"},"content":{"rendered":"<div class=\"postBody-module-scss-module__8_WGKG__postBodyContainer\">\n<p>O cardeal John Onaiyekan afirmou nesta semana que o governo nigeriano de Bola Tinubu n\u00e3o tem desculpa para a persistente inseguran\u00e7a. Mesmo ap\u00f3s o resgate de crian\u00e7as sequestradas, o cl\u00e9rigo denunciou a exist\u00eancia de acampamentos criminosos que operam sem serem incomodados pelas autoridades.<\/p>\n<h2>Qual \u00e9 a principal cr\u00edtica do cardeal ao governo nigeriano?<\/h2>\n<p>Onaiyekan defende que o governo \u00e9 omisso. Para ele, o recente resgate de estudantes \u00e9 positivo, mas o crime nem deveria ter acontecido. O cardeal argumenta que, se as autoridades levassem a seguran\u00e7a a s\u00e9rio, as redes de sequestros j\u00e1 teriam sido desmanteladas, pois os bandidos mant\u00eam acampamentos e at\u00e9 aldeias pr\u00f3prias por longos per\u00edodos sem sofrerem repress\u00e3o das ag\u00eancias de seguran\u00e7a.<\/p>\n<h2>O resgate das crian\u00e7as escolares resolve o problema da inseguran\u00e7a?<\/h2>\n<p>N\u00e3o na vis\u00e3o do cardeal. Ele alerta que o sucesso de uma opera\u00e7\u00e3o isolada n\u00e3o significa que a crise foi superada. Enquanto o governo celebra, centenas de outras v\u00edtimas continuam nas m\u00e3os de terroristas e grupos criminosos. O progresso real s\u00f3 ser\u00e1 atingido quando qualquer cidad\u00e3o nigeriano puder se locomover pelo pa\u00eds livremente e sem o medo constante de ser capturado.<\/p>\n<h2>Como o cativeiro afeta as v\u00edtimas mais jovens?<\/h2>\n<p>O cardeal demonstrou preocupa\u00e7\u00e3o com o trauma psicol\u00f3gico e espiritual, especialmente de crian\u00e7as com apenas dois anos de idade que ficaram meses em cativeiro. Ele cobrou que o governo forne\u00e7a reabilita\u00e7\u00e3o e terapia psicossocial especializada. Sem esse suporte, Onaiyekan alerta que o desenvolvimento e o futuro desses jovens podem ser gravemente comprometidos pelas experi\u00eancias violentas vividas sob o poder dos sequestradores.<\/p>\n<h2>O que \u00e9 a Organiza\u00e7\u00e3o dos Homens Cat\u00f3licos da Nig\u00e9ria mencionada no evento?<\/h2>\n<p>Trata-se de um grupo fundado h\u00e1 25 anos, com a ajuda do pr\u00f3prio Onaiyekan, para engajar os homens nas atividades da Igreja. O objetivo \u00e9 transformar os pais em l\u00edderes espirituais dentro de suas casas. Inspirada no sucesso de organiza\u00e7\u00f5es femininas, a entidade busca fortalecer a fam\u00edlia como a base da sociedade, promovendo valores de integridade, amor e servi\u00e7o ao pr\u00f3ximo.<\/p>\n<h2>Qual papel os pais devem exercer na sociedade segundo o cardeal?<\/h2>\n<p>Onaiyekan destaca que a paternidade vai muito al\u00e9m de prover sustento material, como comida e moradia. Os homens devem liderar suas fam\u00edlias pelo exemplo, sendo refer\u00eancias morais em seus locais de trabalho e comunidades. Ao criar lares baseados na f\u00e9 e na conduta \u00e9tica, eles ajudam a construir uma Igreja mais s\u00f3lida e, consequentemente, uma sociedade nigeriana melhor e mais segura.<\/p>\n<p><i>Conte\u00fado produzido a partir de informa\u00e7\u00f5es apuradas pela equipe de rep\u00f3rteres da Gazeta do Povo. Para acessar a informa\u00e7\u00e3o na \u00edntegra e se aprofundar sobre o tema leia a reportagem abaixo.<\/i><\/p>\n<p>VEJA TAMB\u00c9M:<\/p>\n<\/div>","protected":false},"excerpt":{"rendered":"<p>O cardeal John Onaiyekan afirmou nesta semana que o governo nigeriano de Bola Tinubu n\u00e3o tem desculpa para a persistente&hellip;<\/p>\n","protected":false},"author":4,"featured_media":561767,"comment_status":"open","ping_status":"open","sticky":false,"template":"","format":"standard","meta":{"footnotes":""},"categories":[204],"tags":[],"class_list":["post-561766","post","type-post","status-publish","format-standard","has-post-thumbnail","hentry","category-ultimas-noticias"],"_links":{"self":[{"href":"https:\/\/villanews.com.br\/index.php?rest_route=\/wp\/v2\/posts\/561766","targetHints":{"allow":["GET"]}}],"collection":[{"href":"https:\/\/villanews.com.br\/index.php?rest_route=\/wp\/v2\/posts"}],"about":[{"href":"https:\/\/villanews.com.br\/index.php?rest_route=\/wp\/v2\/types\/post"}],"author":[{"embeddable":true,"href":"https:\/\/villanews.com.br\/index.php?rest_route=\/wp\/v2\/users\/4"}],"replies":[{"embeddable":true,"href":"https:\/\/villanews.com.br\/index.php?rest_route=%2Fwp%2Fv2%2Fcomments&post=561766"}],"version-history":[{"count":0,"href":"https:\/\/villanews.com.br\/index.php?rest_route=\/wp\/v2\/posts\/561766\/revisions"}],"wp:featuredmedia":[{"embeddable":true,"href":"https:\/\/villanews.com.br\/index.php?rest_route=\/wp\/v2\/media\/561767"}],"wp:attachment":[{"href":"https:\/\/villanews.com.br\/index.php?rest_route=%2Fwp%2Fv2%2Fmedia&parent=561766"}],"wp:term":[{"taxonomy":"category","embeddable":true,"href":"https:\/\/villanews.com.br\/index.php?rest_route=%2Fwp%2Fv2%2Fcategories&post=561766"},{"taxonomy":"post_tag","embeddable":true,"href":"https:\/\/villanews.com.br\/index.php?rest_route=%2Fwp%2Fv2%2Ftags&post=561766"}],"curies":[{"name":"wp","href":"https:\/\/api.w.org\/{rel}","templated":true}]}}