{"id":561746,"date":"2026-07-17T14:35:59","date_gmt":"2026-07-17T18:35:59","guid":{"rendered":"https:\/\/villanews.com.br\/?p=561746"},"modified":"2026-07-17T14:35:59","modified_gmt":"2026-07-17T18:35:59","slug":"palmeiras-resgata-joia-do-flamengo-e-atacante-ja-e-observado-por-abel","status":"publish","type":"post","link":"https:\/\/villanews.com.br\/?p=561746","title":{"rendered":"Palmeiras resgata joia do Flamengo, e atacante j\u00e1 \u00e9 observado por Abel"},"content":{"rendered":"<article class=\"mb-12\">\n<h2>Felipe Teresa \u00e9 observado de perto por Abel Ferreira; jogador \u00e9 o artilheiro do Sub-20, com 16 gols e uma assist\u00eancia em 27 jogos<\/h2>\n<p><img decoding=\"async\" src=\"https:\/\/media-manager.noticiasaominuto.com.br\/960\/naom_6a5a5e9468e05.webp\" \/><\/p>\n<p>\u00a9 Reprodu\u00e7\u00e3o \/ Instagram<\/p>\n<p><img decoding=\"async\" src=\"https:\/\/noticiasaominutobr-img.com\/team\/naom.png\" \/><\/p>\n<p><span><br \/>\n                    17\/07\/2026 15:35 \u2027<br \/>\n                    h\u00e1 1 hora<br \/>\n                    por Folhapress<br \/>\n                <\/span><\/p>\n<p>\n                        Esporte\n                    <\/p>\n<p>\n<a href=\"https:\/\/www.noticiasaominuto.com.br\/esporte\/tag\/futebol\"><br \/>\n                                Futebol<br \/>\n                            <\/a>\n<\/p>\n<div class=\"article-content mb-24 font-slab text-paragraph font-light\">\n<p><span>S<\/span>\u00c3O PAULO, SP (UOL\/FOLHAPRESS) &#8211; O atacante Felipe Teresa, de 20 anos, voltou aos holofotes ao marcar dois gols na vit\u00f3ria do Palmeiras sobre o Corinthians, nesta quinta-feira (16), pelas quartas de final do Brasileir\u00e3o sub-20. Um deles um gola\u00e7o: um chute praticamente do meio-campo.<\/p>\n<p>                                                                    \u00a0<\/p>\n<p>Hoje destaque do time sub-20 e observado de perto por Abel Ferreira, Teresa chegou ao clube como uma aposta de Jo\u00e3o Paulo Sampaio, coordenador da base alviverde, ap\u00f3s ser dispensado pelo Flamengo por quest\u00f5es disciplinares.<\/p>\n<h3>DISPENA NO FLAMENGO E APOSTA DO PALMEIRAS<\/h3>\n<p>O Flamengo rescindiu o contrato de Felipe Teresa em setembro do ano passado ap\u00f3s uma reformula\u00e7\u00e3o nas categorias de base tendo como norte a toler\u00e2ncia zero com a indisciplina e os comportamentos indesejados no dia a dia no Ninho do Urubu.<\/p>\n<p>A reportagem apurou que o Flamengo tomou a decis\u00e3o ap\u00f3s ter &#8220;dores de cabe\u00e7a&#8221; com o jogador. Pessoas que acompanhavam o dia a dia de Teresa na base rubro-negra afirmam que ele apresentava quest\u00f5es comportamentais em treinos e jogos, al\u00e9m de problemas relacionados a hor\u00e1rios.<\/p>\n<p>Dias ap\u00f3s a dispensa do Flamengo, JP Sampaio ligou para o atacante e abriu as portas do Palmeiras, mas com duas condi\u00e7\u00f5es: ele teria que aceitar uma redu\u00e7\u00e3o salarial (por que tinha um sal\u00e1rio alto no time carioca) e mudar a postura que o fez ser dispensado.<\/p>\n<p>Hoje, Felipe Teresa \u00e9 o artilheiro do Sub-20, com 16 gols e uma assist\u00eancia em 27 jogos. O atacante tem contrato com o Palmeiras at\u00e9 setembro de 2027, e o clube paulista ficou com 80% dos direitos econ\u00f4micos do jogador ap\u00f3s sua chegada sem custos.<\/p>\n<h3>OBSERVADO POR ABEL FERREIRA<\/h3>\n<p>Teresa faz parte do grupo de jogadores da base que est\u00e3o treinando com o elenco profissional nesta intertemporada.<\/p>\n<p>O atacante pode atuar como centroavante, segundo atacante e ponta direita, e tamb\u00e9m tem se destacado por gols de falta -j\u00e1 s\u00e3o tr\u00eas nesta temporada.<\/p>\n<p>Felipe Teresa j\u00e1 teve uma experi\u00eancia no profissional do Flamengo: foram quatro jogos, com um gol e uma assist\u00eancia. Agora, o atacante tenta convencer Abel Ferreira de que est\u00e1 pronto para dar o pr\u00f3ximo passo no Palmeiras.<\/p>\n<p>Leia Tamb\u00e9m: <a href=\"https:\/\/www.noticiasaominuto.com.br\/esporte\/2398260\/serie-b-tem-cinco-jogos-e-promessa-de-briga-acirrada-contra-o-rebaixamento\">S\u00e9rie B tem cinco jogos e promessa de briga acirrada contra o rebaixamento<\/a><\/p>\n<\/div>\n<p><a href=\"https:\/\/www.google.com\/preferences\/source?q=noticiasaominuto.com.br\"><\/a><\/p>\n<p><strong>Escolha o Not\u00edcias ao Minuto como fonte preferida no Google<\/strong><br \/>\n<span><br \/>\n        Receba as nossas not\u00edcias com mais destaque sempre que pesquisar no Google.<br \/>\n    <\/span> <\/p><\/article>","protected":false},"excerpt":{"rendered":"<p>Felipe Teresa \u00e9 observado de perto por Abel Ferreira; jogador \u00e9 o artilheiro do Sub-20, com 16 gols e uma&hellip;<\/p>\n","protected":false},"author":4,"featured_media":561747,"comment_status":"open","ping_status":"open","sticky":false,"template":"","format":"standard","meta":{"footnotes":""},"categories":[6],"tags":[],"class_list":["post-561746","post","type-post","status-publish","format-standard","has-post-thumbnail","hentry","category-esportes"],"_links":{"self":[{"href":"https:\/\/villanews.com.br\/index.php?rest_route=\/wp\/v2\/posts\/561746","targetHints":{"allow":["GET"]}}],"collection":[{"href":"https:\/\/villanews.com.br\/index.php?rest_route=\/wp\/v2\/posts"}],"about":[{"href":"https:\/\/villanews.com.br\/index.php?rest_route=\/wp\/v2\/types\/post"}],"author":[{"embeddable":true,"href":"https:\/\/villanews.com.br\/index.php?rest_route=\/wp\/v2\/users\/4"}],"replies":[{"embeddable":true,"href":"https:\/\/villanews.com.br\/index.php?rest_route=%2Fwp%2Fv2%2Fcomments&post=561746"}],"version-history":[{"count":0,"href":"https:\/\/villanews.com.br\/index.php?rest_route=\/wp\/v2\/posts\/561746\/revisions"}],"wp:featuredmedia":[{"embeddable":true,"href":"https:\/\/villanews.com.br\/index.php?rest_route=\/wp\/v2\/media\/561747"}],"wp:attachment":[{"href":"https:\/\/villanews.com.br\/index.php?rest_route=%2Fwp%2Fv2%2Fmedia&parent=561746"}],"wp:term":[{"taxonomy":"category","embeddable":true,"href":"https:\/\/villanews.com.br\/index.php?rest_route=%2Fwp%2Fv2%2Fcategories&post=561746"},{"taxonomy":"post_tag","embeddable":true,"href":"https:\/\/villanews.com.br\/index.php?rest_route=%2Fwp%2Fv2%2Ftags&post=561746"}],"curies":[{"name":"wp","href":"https:\/\/api.w.org\/{rel}","templated":true}]}}