{"id":561618,"date":"2026-07-16T06:25:38","date_gmt":"2026-07-16T10:25:38","guid":{"rendered":"https:\/\/villanews.com.br\/?p=561618"},"modified":"2026-07-16T06:25:38","modified_gmt":"2026-07-16T10:25:38","slug":"fachin-diz-a-durigan-que-pautara-acoes-sobre-bets-apos-o-recesso","status":"publish","type":"post","link":"https:\/\/villanews.com.br\/?p=561618","title":{"rendered":"Fachin diz a Durigan que pautar\u00e1 a\u00e7\u00f5es sobre bets ap\u00f3s o recesso"},"content":{"rendered":"<div class=\"postBody-module-scss-module__8_WGKG__postBodyContainer\">\n<p>O ministro da Fazenda, Dario Durigan, foi ao Supremo Tribunal Federal (STF) nesta quarta-feira (15) a convite do presidente da Corte, Edson Fachin, para tratar da regulamenta\u00e7\u00e3o das bets. O magistrado afirmou que pretende pautar as a\u00e7\u00f5es que discutem o tema ap\u00f3s o recesso judici\u00e1rio, inclusive as que questionam se o governo federal est\u00e1 lidando adequadamente com a regulamenta\u00e7\u00e3o e o monitoramento do setor.<\/p>\n<p>&#8220;Dei a conhecer ao senhor ministro das diversas a\u00e7\u00f5es que n\u00f3s temos propostas protocoladas aqui no Supremo Tribunal Federal que questionam desde a <strong>insufici\u00eancia protetiva das portarias do Minist\u00e9rio da Fazenda<\/strong> at\u00e9 mesmo da insufici\u00eancia protetiva da pr\u00f3pria lei de 2023, que veio ap\u00f3s o primeiro marco inicial, que \u00e9 a lei, que foi a lei de 2018&#8243;, afirmou o ministro, em entrevista \u00e0 TV Justi\u00e7a logo ap\u00f3s o encontro.<\/p>\n<p>O governo fixou limites para a publicidade das casas de apostas em meio ao aumento do endividamento familiar. Na \u00faltima investida, ficou determinada a ado\u00e7\u00e3o de avisos nas propagandas, aos moldes do que j\u00e1 ocorre no caso do cigarro:<\/p>\n<ul>\n<li>&#8220;Minist\u00e9rio da Fazenda adverte: Apostar pode causar depend\u00eancia&#8221;;<\/li>\n<li>&#8220;Minist\u00e9rio da Fazenda adverte: Apostar faz voc\u00ea perder dinheiro&#8221;;<\/li>\n<li>&#8220;Minist\u00e9rio da Fazenda adverte: Aposta n\u00e3o \u00e9 investimento&#8221;.<\/li>\n<\/ul>\n<p>VEJA TAMB\u00c9M:<\/p>\n<p>A judicializa\u00e7\u00e3o levou ainda ao bloqueio dos CPFs de benefici\u00e1rios do Bolsa Fam\u00edlia e do Benef\u00edcio de Presta\u00e7\u00e3o Continuada (BPC) das plataformas. A operacionaliza\u00e7\u00e3o ficou a cargo das pr\u00f3prias empresas, que devem consultar os documentos no Sistema de Gest\u00e3o de Apostas (Sigap) e verificar se h\u00e1 v\u00ednculo com os programas.<\/p>\n<p>O recesso termina no dia 3 de agosto. Nesta quinta-feira (16), o vice-presidente da Corte, Alexandre de Moraes, assumiu a presid\u00eancia, como parte do revezamento entre os dois. Antes disso, por\u00e9m, Moraes continuou despachando, inclusive por meio de decis\u00f5es como a execu\u00e7\u00e3o penal do ex-presidente Jair Bolsonaro (PL).<\/p>\n<\/div>","protected":false},"excerpt":{"rendered":"<p>O ministro da Fazenda, Dario Durigan, foi ao Supremo Tribunal Federal (STF) nesta quarta-feira (15) a convite do presidente da&hellip;<\/p>\n","protected":false},"author":4,"featured_media":558329,"comment_status":"open","ping_status":"open","sticky":false,"template":"","format":"standard","meta":{"footnotes":""},"categories":[204],"tags":[],"class_list":["post-561618","post","type-post","status-publish","format-standard","has-post-thumbnail","hentry","category-ultimas-noticias"],"_links":{"self":[{"href":"https:\/\/villanews.com.br\/index.php?rest_route=\/wp\/v2\/posts\/561618","targetHints":{"allow":["GET"]}}],"collection":[{"href":"https:\/\/villanews.com.br\/index.php?rest_route=\/wp\/v2\/posts"}],"about":[{"href":"https:\/\/villanews.com.br\/index.php?rest_route=\/wp\/v2\/types\/post"}],"author":[{"embeddable":true,"href":"https:\/\/villanews.com.br\/index.php?rest_route=\/wp\/v2\/users\/4"}],"replies":[{"embeddable":true,"href":"https:\/\/villanews.com.br\/index.php?rest_route=%2Fwp%2Fv2%2Fcomments&post=561618"}],"version-history":[{"count":0,"href":"https:\/\/villanews.com.br\/index.php?rest_route=\/wp\/v2\/posts\/561618\/revisions"}],"wp:featuredmedia":[{"embeddable":true,"href":"https:\/\/villanews.com.br\/index.php?rest_route=\/wp\/v2\/media\/558329"}],"wp:attachment":[{"href":"https:\/\/villanews.com.br\/index.php?rest_route=%2Fwp%2Fv2%2Fmedia&parent=561618"}],"wp:term":[{"taxonomy":"category","embeddable":true,"href":"https:\/\/villanews.com.br\/index.php?rest_route=%2Fwp%2Fv2%2Fcategories&post=561618"},{"taxonomy":"post_tag","embeddable":true,"href":"https:\/\/villanews.com.br\/index.php?rest_route=%2Fwp%2Fv2%2Ftags&post=561618"}],"curies":[{"name":"wp","href":"https:\/\/api.w.org\/{rel}","templated":true}]}}