{"id":561524,"date":"2026-07-17T11:00:45","date_gmt":"2026-07-17T15:00:45","guid":{"rendered":"https:\/\/villanews.com.br\/?p=561524"},"modified":"2026-07-17T11:00:45","modified_gmt":"2026-07-17T15:00:45","slug":"aliados-de-flavio-tentam-unificar-direita-e-campanha-do-pl-apos-carta-de-bolsonaro","status":"publish","type":"post","link":"https:\/\/villanews.com.br\/?p=561524","title":{"rendered":"Aliados de Fl\u00e1vio tentam unificar direita e campanha do PL ap\u00f3s carta de Bolsonaro"},"content":{"rendered":"<div class=\"postBody-module-scss-module__8_WGKG__postBodyContainer\">\n<p>A carta divulgada pelo ex-presidente Jair Bolsonaro (PL) em apoio \u00e0 pr\u00e9-candidatura presidencial do senador Fl\u00e1vio Bolsonaro (PL-RJ) desencadeou uma ofensiva de aliados do parlamentar para refor\u00e7ar o discurso de unidade no campo conservador. Integrantes do PL afirmam que a mensagem foi interpretada como um chamado para unificar o partido e lideran\u00e7as da direita em torno da candidatura de oposi\u00e7\u00e3o ao presidente Luiz In\u00e1cio Lula da Silva (PT).<\/p>\n<p>Pesquisa <a href=\"https:\/\/www.gazetadopovo.com.br\/eleicoes\/2026\/pesquisa-eleitoral-2026\/genial-quaest-presidente-julho-2026\/\">Genial\/Quaest<\/a> divulgada na quarta-feira (15) apontou uma tend\u00eancia de queda nas inten\u00e7\u00f5es de voto do senador, impulsionada principalmente pela redu\u00e7\u00e3o do apoio entre <a href=\"https:\/\/www.gazetadopovo.com.br\/eleicoes\/2026\/pesquisa-eleitoral-2026\/pesquisa-diz-que-flavio-perdeu-intencao-de-voto-independentes-e-direita\/\">eleitores independentes e entre aqueles que se identificam como de direita<\/a>, mas n\u00e3o como bolsonaristas, conforme estratifica\u00e7\u00e3o apresentada pelo instituto. O levantamento mostrou que, em um eventual segundo turno contra Lula, as inten\u00e7\u00f5es de voto em Fl\u00e1vio ca\u00edram de 84% para 74% entre os eleitores da chamada &#8220;direita n\u00e3o bolsonarista&#8221;, entre mar\u00e7o e julho.<\/p>\n<p>O per\u00edodo de queda nas inten\u00e7\u00f5es de voto de Fl\u00e1vio coincidiu com uma sequ\u00eancia de epis\u00f3dios que desgastaram sua pr\u00e9-campanha. No fim de junho, tornou-se p\u00fablico o conflito com a ex-primeira-dama Michelle Bolsonaro, que divulgou um v\u00eddeo afirmando ter sido &#8220;humilhada&#8221; e &#8220;apunhalada&#8221; pelo enteado. Antes disso, o pr\u00e9-candidato j\u00e1 havia sido alvo de desgaste pol\u00edtico ap\u00f3s a revela\u00e7\u00e3o de que buscou recursos do banqueiro Daniel Vorcaro, do Banco Master, para financiar o filme <em>Dark Horse<\/em>, sobre Jair Bolsonaro.<\/p>\n<p>Segundo a Quaest, entre mar\u00e7o e julho, o senador caiu de 32% para 27% nas inten\u00e7\u00f5es de voto entre os eleitores que se declaram independentes, enquanto Lula avan\u00e7ou de 27% para 40% nesse segmento. O levantamento tamb\u00e9m registrou recuo de Fl\u00e1vio entre os pr\u00f3prios bolsonaristas, passando de 96% para 91% no mesmo per\u00edodo.<\/p>\n<p>Neste cen\u00e1rio, aliados de Fl\u00e1vio ouvidos pela <strong>Gazeta do Povo<\/strong> afirmam que a carta de Jair Bolsonaro foi direcionada tamb\u00e9m a dirigentes do partido, lideran\u00e7as de centro e de direita, com o objetivo de reduzir ru\u00eddos internos e refor\u00e7ar a necessidade de uma candidatura unificada contra Lula. A interpreta\u00e7\u00e3o predominante dentro da pr\u00e9-campanha do PL \u00e9 que o documento buscou encerrar disputas que vinham desgastando o campo conservador.<\/p>\n<p>O deputado federal Nikolas Ferreira (PL-MG) afirmou que Bolsonaro j\u00e1 havia pedido &#8220;publicamente uni\u00e3o, maturidade e que diferen\u00e7as pessoais sejam deixadas de lado em nome de algo maior&#8221;. J\u00e1 o senador Rog\u00e9rio Marinho (PL-RN), coordenador da pr\u00e9-campanha de Fl\u00e1vio, resumiu a estrat\u00e9gia em uma publica\u00e7\u00e3o nas redes sociais: &#8220;Juntos pelo Brasil. Fl\u00e1vio Bolsonaro presidente&#8221;.<\/p>\n<p>O deputado Marcos Pollon (PL-MS) tamb\u00e9m refor\u00e7ou o apelo ao afirmar que &#8220;\u00e9 preciso respeitar o que diz o meu l\u00edder, presidente Jair Bolsonaro&#8221;, enquanto M\u00e1rio Frias (PL-SP) disse que a mensagem do ex-presidente &#8220;n\u00e3o deixa espa\u00e7o para d\u00favidas&#8221;.<\/p>\n<p>A pesquisa Genial\/Quaest entrevistou 2.004 eleitores entre os dias 10 e 13 de julho de 2026. A margem de erro \u00e9 de dois pontos percentuais, para mais ou para menos, com n\u00edvel de confian\u00e7a de 95%. O levantamento foi contratado pelo Banco Genial S.A. e est\u00e1 registrado no Tribunal Superior Eleitoral (TSE) sob o n\u00famero BR-07181\/2026.<\/p>\n<h2>Rea\u00e7\u00e3o de Moraes amplia efeitos da carta de Bolsonaro<\/h2>\n<p>Al\u00e9m do apelo por unidade, aliados de Fl\u00e1vio avaliam que a carta teve como objetivo refor\u00e7ar, de forma inequ\u00edvoca, quem representa o projeto pol\u00edtico de Jair Bolsonaro na disputa pelo Pal\u00e1cio do Planalto. Ao chamar o senador de &#8220;meu pr\u00e9-candidato&#8221;, &#8220;porta-voz&#8221; e &#8220;a melhor op\u00e7\u00e3o para livrar o Brasil da corrup\u00e7\u00e3o, da viol\u00eancia e do empobrecimento&#8221;, o ex-presidente buscou encerrar especula\u00e7\u00f5es sobre a condu\u00e7\u00e3o da campanha e reafirmar sua lideran\u00e7a na defini\u00e7\u00e3o da estrat\u00e9gia eleitoral do campo conservador.<\/p>\n<p>Integrantes do PL ouvidos pela reportagem argumentam agora que a manifesta\u00e7\u00e3o tamb\u00e9m aumenta o custo pol\u00edtico para eventuais diverg\u00eancias p\u00fablicas dentro da direita. A avalia\u00e7\u00e3o interna \u00e9 de que, ap\u00f3s o posicionamento de Bolsonaro, cr\u00edticas ou movimentos que enfraque\u00e7am a candidatura de Fl\u00e1vio tendem a ser interpretados como &#8220;um desrespeito \u00e0 orienta\u00e7\u00e3o do principal l\u00edder do partido&#8221;.<\/p>\n<p>Apesar disso, a estrat\u00e9gia de refor\u00e7ar publicamente a candidatura de Fl\u00e1vio Bolsonaro tamb\u00e9m produziu desdobramentos no Supremo Tribunal Federal (STF). Dois dias ap\u00f3s o senador ler a carta de Jair Bolsonaro durante uma transmiss\u00e3o ao vivo nas redes sociais, o ministro Alexandre de Moraes <a href=\"https:\/\/www.gazetadopovo.com.br\/republica\/moraes-suspende-visitas-de-flavio-bolsonaro-por-90-dias\/\">suspendeu por 90 dias as visitas do senador ao ex-presidente<\/a> e determinou o envio do caso ao Minist\u00e9rio P\u00fablico Eleitoral (MPE) para apurar eventual pr\u00e1tica de <a href=\"https:\/\/www.gazetadopovo.com.br\/eleicoes\/2026\/tse-pode-multar-campanha-de-flavio-bolsonaro-em-ate-r-25-mil-por-carta-divulgada-do-ex-presidente\/\">propaganda eleitoral antecipada<\/a>.<\/p>\n<p>Na decis\u00e3o, Moraes afirmou que a leitura p\u00fablica da carta pode ter servido para contornar as medidas cautelares impostas ao ex-presidente, que est\u00e1 proibido de utilizar redes sociais, direta ou indiretamente. Para o ministro, a manifesta\u00e7\u00e3o de Bolsonaro por meio do filho pode configurar um &#8220;ostensivo desvio de finalidade&#8221; do direito de visita e uma tentativa de burlar as restri\u00e7\u00f5es impostas pelo STF.<\/p>\n<p>Nesta quarta-feira (15), o ministro deu mais um passo no caso e determinou que a <a href=\"https:\/\/www.gazetadopovo.com.br\/republica\/moraes-da-5-dias-para-pgr-avaliar-se-carta-de-bolsonaro-violou-medidas-cautelares\/\">Procuradoria-Geral da Rep\u00fablica (PGR) se manifeste<\/a>, no prazo de cinco dias, sobre um poss\u00edvel descumprimento das medidas cautelares por parte de Bolsonaro. A decis\u00e3o foi tomada ap\u00f3s a <a href=\"https:\/\/www.gazetadopovo.com.br\/republica\/defesa-diz-a-moraes-que-bolsonaro-jamais-soube-da-divulgacao-de-carta-por-flavio\/\">defesa do ex-presidente afirmar ao Supremo que ele &#8220;jamais soube&#8221; que a carta seria divulgada nas redes sociais<\/a> por Fl\u00e1vio e negar qualquer orienta\u00e7\u00e3o, ajuste ou combina\u00e7\u00e3o pr\u00e9via para a publica\u00e7\u00e3o do documento.<\/p>\n<p>Os advogados Celso Vilardi e Paulo Bueno sustentaram que Bolsonaro tem cumprido &#8220;rigorosamente todas as condi\u00e7\u00f5es estabelecidas&#8221; para a pris\u00e3o domiciliar e argumentaram que outras correspond\u00eancias escritas pelo ex-presidente j\u00e1 haviam sido divulgadas anteriormente sem gerar questionamentos do STF. Caber\u00e1 agora \u00e0 PGR analisar os argumentos da defesa e emitir parecer sobre os pr\u00f3ximos passos da execu\u00e7\u00e3o penal.<\/p>\n<p>Dentro do PL, aliados do senador reconhecem que a decis\u00e3o de Moraes acrescentou um novo componente \u00e0 estrat\u00e9gia da campanha. Fl\u00e1vio integra a equipe de defesa t\u00e9cnica do ex-presidente, argumento utilizado por parlamentares para criticar a restri\u00e7\u00e3o \u00e0s visitas.<\/p>\n<p>&#8220;Ora, primeiro proibiram Bolsonaro de falar. Agora pro\u00edbem que um de seus pr\u00f3prios advogados o visite. Com Lula, houve visitas, entrevistas e articula\u00e7\u00f5es pol\u00edticas durante a pris\u00e3o. Com Bolsonaro, a regra \u00e9 outra. Quando direitos fundamentais passam a depender de quem \u00e9 o acusado, n\u00e3o estamos mais diante de Justi\u00e7a, mas de persegui\u00e7\u00e3o pol\u00edtica e interven\u00e7\u00e3o nas elei\u00e7\u00f5es&#8221;, afirmou o deputado Marcos Pollon.<\/p>\n<p>Ainda assim, mant\u00e9m-se a avalia\u00e7\u00e3o, dentro do PL, de que a carta cumpriu seu principal objetivo pol\u00edtico: reafirmar Fl\u00e1vio como o candidato escolhido por Bolsonaro e mobilizar lideran\u00e7as do partido em torno de um discurso de unidade para a elei\u00e7\u00e3o presidencial.<\/p>\n<p>VEJA TAMB\u00c9M:<\/p>\n<h2>Especialistas apontam tentativa de reorganizar base de apoio a Fl\u00e1vio<\/h2>\n<p>Para cientistas pol\u00edticos, a mobiliza\u00e7\u00e3o de aliados ap\u00f3s a divulga\u00e7\u00e3o da carta de Jair Bolsonaro reflete uma tentativa de reorganizar a base eleitoral de Fl\u00e1vio Bolsonaro em um momento de perda de apoio em segmentos considerados estrat\u00e9gicos para a disputa presidencial. A avalia\u00e7\u00e3o \u00e9 que o discurso de unidade busca conter os efeitos de desgastes recentes e reduzir a fragmenta\u00e7\u00e3o do eleitorado de direita.<\/p>\n<p>Segundo Hilton Fernandes, cientista pol\u00edtico e pesquisador da Funda\u00e7\u00e3o Escola de Sociologia e Pol\u00edtica de S\u00e3o Paulo (Fesp-SP), a queda registrada pela pesquisa Quaest \u00e9 resultado do ac\u00famulo de epis\u00f3dios que afetaram a imagem do senador. &#8220;O desgaste de Fl\u00e1vio Bolsonaro com o caso <em>Dark Horse<\/em> diminui sua credibilidade e coloca em xeque as cr\u00edticas ao governo Lula&#8221;, afirma.<\/p>\n<p>Na mesma linha, Beto Vasques, coordenador do Laborat\u00f3rio de Opini\u00e3o P\u00fablica da FESPSP, tamb\u00e9m relaciona o movimento identificado pela pesquisa aos acontecimentos dos \u00faltimos meses. &#8220;O recado dos eleitores na pesquisa Quaest \u00e9 claro: independentes e a direita n\u00e3o bolsonarista reagiram negativamente \u00e0 s\u00e9rie de m\u00e1s not\u00edcias no entorno da campanha do senador neste per\u00edodo: <em>Dark Horse<\/em>, tarifa\u00e7o e a briga com Michelle&#8221;, diz.<\/p>\n<p>Na avalia\u00e7\u00e3o do pesquisador Jairo Pimentel, o principal desafio da campanha de Fl\u00e1vio \u00e9 recuperar o eleitor de centro-direita sem perder o n\u00facleo bolsonarista. &#8220;Enquanto Lula amplia sua capacidade de atrair o eleitorado independente, Fl\u00e1vio perde apoio na direita moderada sem que esses votos migrem diretamente para o presidente, sinalizando um aumento da desmobiliza\u00e7\u00e3o e da indecis\u00e3o nesse campo pol\u00edtico&#8221;, afirma.<\/p>\n<p>VEJA TAMB\u00c9M:<\/p>\n<\/div>","protected":false},"excerpt":{"rendered":"<p>A carta divulgada pelo ex-presidente Jair Bolsonaro (PL) em apoio \u00e0 pr\u00e9-candidatura presidencial do senador Fl\u00e1vio Bolsonaro (PL-RJ) desencadeou uma&hellip;<\/p>\n","protected":false},"author":4,"featured_media":561253,"comment_status":"open","ping_status":"open","sticky":false,"template":"","format":"standard","meta":{"footnotes":""},"categories":[5],"tags":[],"class_list":["post-561524","post","type-post","status-publish","format-standard","has-post-thumbnail","hentry","category-politica"],"_links":{"self":[{"href":"https:\/\/villanews.com.br\/index.php?rest_route=\/wp\/v2\/posts\/561524","targetHints":{"allow":["GET"]}}],"collection":[{"href":"https:\/\/villanews.com.br\/index.php?rest_route=\/wp\/v2\/posts"}],"about":[{"href":"https:\/\/villanews.com.br\/index.php?rest_route=\/wp\/v2\/types\/post"}],"author":[{"embeddable":true,"href":"https:\/\/villanews.com.br\/index.php?rest_route=\/wp\/v2\/users\/4"}],"replies":[{"embeddable":true,"href":"https:\/\/villanews.com.br\/index.php?rest_route=%2Fwp%2Fv2%2Fcomments&post=561524"}],"version-history":[{"count":0,"href":"https:\/\/villanews.com.br\/index.php?rest_route=\/wp\/v2\/posts\/561524\/revisions"}],"wp:featuredmedia":[{"embeddable":true,"href":"https:\/\/villanews.com.br\/index.php?rest_route=\/wp\/v2\/media\/561253"}],"wp:attachment":[{"href":"https:\/\/villanews.com.br\/index.php?rest_route=%2Fwp%2Fv2%2Fmedia&parent=561524"}],"wp:term":[{"taxonomy":"category","embeddable":true,"href":"https:\/\/villanews.com.br\/index.php?rest_route=%2Fwp%2Fv2%2Fcategories&post=561524"},{"taxonomy":"post_tag","embeddable":true,"href":"https:\/\/villanews.com.br\/index.php?rest_route=%2Fwp%2Fv2%2Ftags&post=561524"}],"curies":[{"name":"wp","href":"https:\/\/api.w.org\/{rel}","templated":true}]}}