{"id":561261,"date":"2026-07-17T10:00:12","date_gmt":"2026-07-17T14:00:12","guid":{"rendered":"https:\/\/villanews.com.br\/?p=561261"},"modified":"2026-07-17T10:00:12","modified_gmt":"2026-07-17T14:00:12","slug":"mourinho-para-tudo-por-causa-da-volta-da-franca-e-recebe-convite-especial","status":"publish","type":"post","link":"https:\/\/villanews.com.br\/?p=561261","title":{"rendered":"Mourinho para tudo por causa da Volta da Fran\u00e7a e recebe convite especial"},"content":{"rendered":"<article class=\"mb-12\">\n<div>\n<h2 class=\"py-4 font-slab text-xl lg:text-lead\">T\u00e9cnico do Real Madrid compartilhou um v\u00eddeo assistindo \u00e0 principal prova de ciclismo do mundo e acabou chamando a aten\u00e7\u00e3o de equipes da modalidade e at\u00e9 da organiza\u00e7\u00e3o do Tour de France<\/h2>\n<\/div>\n<p><img decoding=\"async\" src=\"https:\/\/media-manager.noticiasaominuto.com.br\/960\/naom_6a59e8cfeb5ed.webp\" \/><br \/>\n<img decoding=\"async\" src=\"https:\/\/noticiasaominutobr-img.com\/icons\/video.svg\" \/><\/p>\n<p><a href=\"https:\/\/www.noticiasaominuto.com.br\/\"><br \/>\n<img decoding=\"async\" src=\"https:\/\/noticiasaominutobr-img.com\/logos\/logonoticias.svg\" \/><br \/>\n<\/a><\/p>\n<p>\n        Mais Vistos\n    <\/p>\n<p>\n        Relacionados\n    <\/p>\n<h2>Mourinho para tudo por causa da Volta da Fran\u00e7a e recebe convite especial<\/h2>\n<h3>T\u00e9cnico do Real Madrid compartilhou um v\u00eddeo assistindo \u00e0 principal prova de ciclismo do mundo e acabou chamando a aten\u00e7\u00e3o de equipes da modalidade e at\u00e9 da organiza\u00e7\u00e3o do Tour de France<\/h3>\n<p>\u00a9 Instagram \/ Jos\u00e9 Mourinho<\/p>\n<p>\u00a9 Instagram \/ Jos\u00e9 Mourinho<\/p>\n<p><img decoding=\"async\" src=\"https:\/\/noticiasaominutobr-img.com\/team\/naom.png\" \/><\/p>\n<p><span><br \/>\n                    17\/07\/2026 11:00 \u2027<br \/>\n                    h\u00e1 1 hora<br \/>\n                    por Not\u00edcias ao Minuto<br \/>\n                <\/span><\/p>\n<p>\n                        Esporte\n                    <\/p>\n<p>\n<a href=\"https:\/\/www.noticiasaominuto.com.br\/esporte\/tag\/real-madrid\"><br \/>\n                                Real Madrid<br \/>\n                            <\/a>\n<\/p>\n<div class=\"article-content mb-24 font-slab text-paragraph font-light\">\n<p><span>M<\/span>esmo concentrado na prepara\u00e7\u00e3o do Real Madrid, clube que o contratou do Benfica por 15 milh\u00f5es de euros, Jos\u00e9 Mourinho ainda encontra espa\u00e7o na rotina para acompanhar outra de suas grandes paix\u00f5es: o ciclismo.<\/p>\n<p>                                                                    \u00a0<\/p>\n<p>Nesta quinta-feira, o treinador portugu\u00eas publicou um v\u00eddeo gravado nos escrit\u00f3rios do clube espanhol enquanto assistia \u00e0 Volta da Fran\u00e7a.<\/p>\n<p>\u201cHora do treino, ent\u00e3o&#8230; chega de Volta da Fran\u00e7a\u201d, escreveu Mourinho na legenda da publica\u00e7\u00e3o.<\/p>\n<p>A postagem rapidamente chamou a aten\u00e7\u00e3o de equipes ligadas \u00e0 modalidade e provocou uma s\u00e9rie de convites ao t\u00e9cnico.<\/p>\n<p>\u201cOl\u00e1, Jos\u00e9! Seja muito bem-vindo para acompanhar um dia do Tour. Ficaremos felizes em receb\u00ea-lo\u201d, comentou a UAE Team Emirates.<\/p>\n<p>A Alpecin Premier Tech tamb\u00e9m entrou na brincadeira e escreveu: \u201cVoc\u00ea ser\u00e1 sempre bem-vindo para passar um dia de folga conosco, Jos\u00e9 Mourinho\u201d.<\/p>\n<p>At\u00e9 o perfil oficial da Volta da Fran\u00e7a aproveitou a publica\u00e7\u00e3o para convidar o treinador portugu\u00eas: \u201cO futebol pode esperar&#8230; \u00c9 hora do Tour\u201d.<\/p>\n<p><img decoding=\"async\" src=\"https:\/\/media-manager.noticiasaominuto.com\/640\/naom_6a51121a22f3a.jpg\" \/><\/p>\n<h2><a href=\"https:\/\/www.noticiasaominuto.com.br\/esporte\/2396806\/mourinho-inicia-nova-era-no-real-madrid-e-manda-recado-a-torcida\"> Mourinho inicia nova era no Real Madrid e manda recado \u00e0 torcida <\/a><\/h2>\n<p>Em seu primeiro dia de trabalho na pr\u00e9-temporada, o t\u00e9cnico portugu\u00eas afirmou que voltou ao clube com esp\u00edrito de miss\u00e3o, elogiou a estrutura merengue e disse estar pronto para liderar o elenco na nova temporada<\/p>\n<p><small> Not\u00edcias ao Minuto | 07:30 &#8211; 11\/07\/2026 <\/small><\/p>\n<\/div>\n<\/article>","protected":false},"excerpt":{"rendered":"<p>T\u00e9cnico do Real Madrid compartilhou um v\u00eddeo assistindo \u00e0 principal prova de ciclismo do mundo e acabou chamando a aten\u00e7\u00e3o&hellip;<\/p>\n","protected":false},"author":4,"featured_media":561262,"comment_status":"open","ping_status":"open","sticky":false,"template":"","format":"standard","meta":{"footnotes":""},"categories":[6],"tags":[],"class_list":["post-561261","post","type-post","status-publish","format-standard","has-post-thumbnail","hentry","category-esportes"],"_links":{"self":[{"href":"https:\/\/villanews.com.br\/index.php?rest_route=\/wp\/v2\/posts\/561261","targetHints":{"allow":["GET"]}}],"collection":[{"href":"https:\/\/villanews.com.br\/index.php?rest_route=\/wp\/v2\/posts"}],"about":[{"href":"https:\/\/villanews.com.br\/index.php?rest_route=\/wp\/v2\/types\/post"}],"author":[{"embeddable":true,"href":"https:\/\/villanews.com.br\/index.php?rest_route=\/wp\/v2\/users\/4"}],"replies":[{"embeddable":true,"href":"https:\/\/villanews.com.br\/index.php?rest_route=%2Fwp%2Fv2%2Fcomments&post=561261"}],"version-history":[{"count":0,"href":"https:\/\/villanews.com.br\/index.php?rest_route=\/wp\/v2\/posts\/561261\/revisions"}],"wp:featuredmedia":[{"embeddable":true,"href":"https:\/\/villanews.com.br\/index.php?rest_route=\/wp\/v2\/media\/561262"}],"wp:attachment":[{"href":"https:\/\/villanews.com.br\/index.php?rest_route=%2Fwp%2Fv2%2Fmedia&parent=561261"}],"wp:term":[{"taxonomy":"category","embeddable":true,"href":"https:\/\/villanews.com.br\/index.php?rest_route=%2Fwp%2Fv2%2Fcategories&post=561261"},{"taxonomy":"post_tag","embeddable":true,"href":"https:\/\/villanews.com.br\/index.php?rest_route=%2Fwp%2Fv2%2Ftags&post=561261"}],"curies":[{"name":"wp","href":"https:\/\/api.w.org\/{rel}","templated":true}]}}