{"id":561246,"date":"2026-07-16T20:38:59","date_gmt":"2026-07-17T00:38:59","guid":{"rendered":"https:\/\/villanews.com.br\/?p=561246"},"modified":"2026-07-16T20:38:59","modified_gmt":"2026-07-17T00:38:59","slug":"como-o-tarifaco-de-trump-afeta-as-exportacoes-do-brasil","status":"publish","type":"post","link":"https:\/\/villanews.com.br\/?p=561246","title":{"rendered":"Como o tarifa\u00e7o de Trump afeta as exporta\u00e7\u00f5es do Brasil?"},"content":{"rendered":"<div class=\"postBody-module-scss-module__8_WGKG__postBodyContainer\">\n<p>O governo dos EUA imp\u00f4s uma taxa extra de 25% sobre produtos brasileiros, atingindo US$ 11 bilh\u00f5es em vendas. Setores como m\u00e1quinas e cal\u00e7ados sofrem press\u00e3o, enquanto o governo Lula prepara aux\u00edlios financeiros para evitar uma crise maior na ind\u00fastria nacional neste segundo semestre de 2026.<\/p>\n<h2>Quais s\u00e3o os setores mais prejudicados pelas novas taxas?<\/h2>\n<p>As ind\u00fastrias de m\u00e1quinas, m\u00f3veis, cal\u00e7ados e t\u00eaxteis s\u00e3o as mais atingidas. Isso acontece porque os Estados Unidos s\u00e3o o principal comprador desses itens. No caso de m\u00e1quinas e equipamentos, o impacto \u00e9 direto na competitividade das empresas que produzem aqui, dificultando as vendas para o mercado americano.<\/p>\n<h2>O que o governo brasileiro far\u00e1 para ajudar as empresas?<\/h2>\n<p>O governo federal anunciou o plano &#8220;Brasil Soberano&#8221;. Ele prev\u00ea medidas pr\u00e1ticas, como a cria\u00e7\u00e3o de linhas de cr\u00e9dito especiais pelo BNDES para ajudar os empres\u00e1rios a atravessarem essa fase de preju\u00edzos. A ideia \u00e9 dar f\u00f4lego financeiro para que as ind\u00fastrias consigam encontrar novos compradores em outros pa\u00edses.<\/p>\n<h2>Por que alguns especialistas dizem que o impacto ser\u00e1 limitado?<\/h2>\n<p>Apesar do valor bilion\u00e1rio, produtos de grande peso na economia brasileira, como petr\u00f3leo, caf\u00e9, carne bovina e avi\u00f5es comerciais da Embraer, n\u00e3o entraram na lista de novas cobran\u00e7as. Como os americanos precisam muito desses itens, eles foram poupados para evitar problemas no consumo interno dos pr\u00f3prios EUA.<\/p>\n<h2>Como as ind\u00fastrias est\u00e3o tentando fugir dessa depend\u00eancia dos EUA?<\/h2>\n<p>Muitas empresas j\u00e1 est\u00e3o redirecionando suas vendas para a Am\u00e9rica Latina. O setor de m\u00f3veis, por exemplo, viu a participa\u00e7\u00e3o dos EUA cair quase pela metade em dois anos, enquanto as vendas para vizinhos latinos cresceram. A proximidade geogr\u00e1fica e log\u00edstica mais barata facilitam essa mudan\u00e7a de estrat\u00e9gia.<\/p>\n<h2>Existe o risco de as tarifas aumentarem ainda mais?<\/h2>\n<p>Infelizmente, sim. H\u00e1 uma investiga\u00e7\u00e3o em andamento nos EUA sobre trabalho for\u00e7ado que pode gerar uma sobretaxa adicional de 12,5%. Se isso acontecer, o imposto total sobre alguns produtos brasileiros pode chegar a 37,5%, o que torna as negocia\u00e7\u00f5es diplom\u00e1ticas entre os dois pa\u00edses ainda mais urgentes.<\/p>\n<p><i>Conte\u00fado produzido a partir de informa\u00e7\u00f5es apuradas pela equipe de rep\u00f3rteres da Gazeta do Povo. Para acessar a informa\u00e7\u00e3o na \u00edntegra e se aprofundar sobre o tema leia a reportagem abaixo.<\/i><\/p>\n<p>VEJA TAMB\u00c9M:<\/p>\n<\/div>\n<p>\u00a0<\/p>","protected":false},"excerpt":{"rendered":"<p>O governo dos EUA imp\u00f4s uma taxa extra de 25% sobre produtos brasileiros, atingindo US$ 11 bilh\u00f5es em vendas. Setores&hellip;<\/p>\n","protected":false},"author":4,"featured_media":560114,"comment_status":"open","ping_status":"open","sticky":false,"template":"","format":"standard","meta":{"footnotes":""},"categories":[190],"tags":[],"class_list":["post-561246","post","type-post","status-publish","format-standard","has-post-thumbnail","hentry","category-economia"],"_links":{"self":[{"href":"https:\/\/villanews.com.br\/index.php?rest_route=\/wp\/v2\/posts\/561246","targetHints":{"allow":["GET"]}}],"collection":[{"href":"https:\/\/villanews.com.br\/index.php?rest_route=\/wp\/v2\/posts"}],"about":[{"href":"https:\/\/villanews.com.br\/index.php?rest_route=\/wp\/v2\/types\/post"}],"author":[{"embeddable":true,"href":"https:\/\/villanews.com.br\/index.php?rest_route=\/wp\/v2\/users\/4"}],"replies":[{"embeddable":true,"href":"https:\/\/villanews.com.br\/index.php?rest_route=%2Fwp%2Fv2%2Fcomments&post=561246"}],"version-history":[{"count":0,"href":"https:\/\/villanews.com.br\/index.php?rest_route=\/wp\/v2\/posts\/561246\/revisions"}],"wp:featuredmedia":[{"embeddable":true,"href":"https:\/\/villanews.com.br\/index.php?rest_route=\/wp\/v2\/media\/560114"}],"wp:attachment":[{"href":"https:\/\/villanews.com.br\/index.php?rest_route=%2Fwp%2Fv2%2Fmedia&parent=561246"}],"wp:term":[{"taxonomy":"category","embeddable":true,"href":"https:\/\/villanews.com.br\/index.php?rest_route=%2Fwp%2Fv2%2Fcategories&post=561246"},{"taxonomy":"post_tag","embeddable":true,"href":"https:\/\/villanews.com.br\/index.php?rest_route=%2Fwp%2Fv2%2Ftags&post=561246"}],"curies":[{"name":"wp","href":"https:\/\/api.w.org\/{rel}","templated":true}]}}