{"id":561241,"date":"2026-07-17T08:49:23","date_gmt":"2026-07-17T12:49:23","guid":{"rendered":"https:\/\/villanews.com.br\/?p=561241"},"modified":"2026-07-17T08:49:23","modified_gmt":"2026-07-17T12:49:23","slug":"prefeitura-de-caceres-abre-processo-seletivo-para-agentes-de-saude-e-de-combate-as-endemias","status":"publish","type":"post","link":"https:\/\/villanews.com.br\/?p=561241","title":{"rendered":"Prefeitura de C\u00e1ceres abre processo seletivo para agentes de sa\u00fade e de combate \u00e0s endemias"},"content":{"rendered":"<div><img decoding=\"async\" src=\"https:\/\/jornaldematogrosso.com.br\/imagens\/658x420\/posts\/2026\/07\/139176_prefeitura-de-caceres-jpg.jpg\" \/>\n<div>\n<p>A Prefeitura Municipal de C\u00e1ceres, por meio da Secretaria Municipal de Sa\u00fade, abriu o Processo Seletivo P\u00fablico n\u00ba 01\/2026 para contrata\u00e7\u00e3o de agentes comunit\u00e1rios de sa\u00fade e agentes de combate \u00e0s endemias. As inscri\u00e7\u00f5es ser\u00e3o realizadas entre os dias 1\u00ba e 31 de agosto de 2026, pelo site do Instituto Selecon.<\/p>\n<p>O processo oferece, inicialmente, 71 vagas para agente comunit\u00e1rio de sa\u00fade e 10 vagas para agente de combate \u00e0s endemias, al\u00e9m da forma\u00e7\u00e3o de cadastro de reserva. As oportunidades s\u00e3o destinadas a candidatos com ensino m\u00e9dio completo, com remunera\u00e7\u00e3o inicial de R$ 3.242,00. A prova est\u00e1 prevista para o dia 27 de setembro de 2026.<\/p>\n<p>Os candidatos que atenderem aos crit\u00e9rios previstos no edital poder\u00e3o solicitar a isen\u00e7\u00e3o da taxa de inscri\u00e7\u00e3o entre as 0h do dia 1\u00ba de agosto e as 23h59 do dia 2 de agosto. O processo seletivo est\u00e1 em andamento e todas as orienta\u00e7\u00f5es, requisitos e etapas est\u00e3o dispon\u00edveis no edital publicado no endere\u00e7o www.selecon.org.br .<\/p>\n<p>Para o secret\u00e1rio municipal de Sa\u00fade, Cl\u00e1udio Henrique Donatoni, a realiza\u00e7\u00e3o do seletivo representa um avan\u00e7o importante para o fortalecimento da aten\u00e7\u00e3o b\u00e1sica. \u0093Os agentes comunit\u00e1rios s\u00e3o essenciais para a busca ativa de gestantes, pessoas com comorbidades e para a melhoria dos indicadores de vacina\u00e7\u00e3o. J\u00e1 os agentes de endemias desempenham um trabalho fundamental no enfrentamento \u00e0 dengue, \u00e0 chikungunya e a outras doen\u00e7as. \u00c9 um processo esperado h\u00e1 mais de 18 anos e que possui uma grande import\u00e2ncia para a sa\u00fade p\u00fablica de C\u00e1ceres\u0094, destacou.<\/p>\n<p>Segundo o secret\u00e1rio, as 81 vagas atendem \u00e0s necessidades existentes no atual quadro da Secretaria de Sa\u00fade. No entanto, a expectativa \u00e9 de que novas oportunidades sejam abertas futuramente, considerando a implanta\u00e7\u00e3o de novas unidades de sa\u00fade e a amplia\u00e7\u00e3o dos territ\u00f3rios atendidos no munic\u00edpio.<\/p>\n<p>A prefeita Eliene Liberato Dias destacou que o processo seletivo fortalece a sa\u00fade p\u00fablica. \u0093Estamos ampliando as equipes para garantir um atendimento mais pr\u00f3ximo, eficiente e de qualidade \u00e0 popula\u00e7\u00e3o\u0094, afirmou.  <\/p>\n<p><\/p>\n<\/div>\n<\/div>","protected":false},"excerpt":{"rendered":"<p>A Prefeitura Municipal de C\u00e1ceres, por meio da Secretaria Municipal de Sa\u00fade, abriu o Processo Seletivo P\u00fablico n\u00ba 01\/2026 para&hellip;<\/p>\n","protected":false},"author":4,"featured_media":561242,"comment_status":"open","ping_status":"open","sticky":false,"template":"","format":"standard","meta":{"footnotes":""},"categories":[204],"tags":[],"class_list":["post-561241","post","type-post","status-publish","format-standard","has-post-thumbnail","hentry","category-ultimas-noticias"],"_links":{"self":[{"href":"https:\/\/villanews.com.br\/index.php?rest_route=\/wp\/v2\/posts\/561241","targetHints":{"allow":["GET"]}}],"collection":[{"href":"https:\/\/villanews.com.br\/index.php?rest_route=\/wp\/v2\/posts"}],"about":[{"href":"https:\/\/villanews.com.br\/index.php?rest_route=\/wp\/v2\/types\/post"}],"author":[{"embeddable":true,"href":"https:\/\/villanews.com.br\/index.php?rest_route=\/wp\/v2\/users\/4"}],"replies":[{"embeddable":true,"href":"https:\/\/villanews.com.br\/index.php?rest_route=%2Fwp%2Fv2%2Fcomments&post=561241"}],"version-history":[{"count":0,"href":"https:\/\/villanews.com.br\/index.php?rest_route=\/wp\/v2\/posts\/561241\/revisions"}],"wp:featuredmedia":[{"embeddable":true,"href":"https:\/\/villanews.com.br\/index.php?rest_route=\/wp\/v2\/media\/561242"}],"wp:attachment":[{"href":"https:\/\/villanews.com.br\/index.php?rest_route=%2Fwp%2Fv2%2Fmedia&parent=561241"}],"wp:term":[{"taxonomy":"category","embeddable":true,"href":"https:\/\/villanews.com.br\/index.php?rest_route=%2Fwp%2Fv2%2Fcategories&post=561241"},{"taxonomy":"post_tag","embeddable":true,"href":"https:\/\/villanews.com.br\/index.php?rest_route=%2Fwp%2Fv2%2Ftags&post=561241"}],"curies":[{"name":"wp","href":"https:\/\/api.w.org\/{rel}","templated":true}]}}