{"id":561239,"date":"2026-07-17T08:54:22","date_gmt":"2026-07-17T12:54:22","guid":{"rendered":"https:\/\/villanews.com.br\/?p=561239"},"modified":"2026-07-17T08:54:22","modified_gmt":"2026-07-17T12:54:22","slug":"amm-capacita-municipios-de-mt-para-reduzir-impactos-da-reforma-tributaria","status":"publish","type":"post","link":"https:\/\/villanews.com.br\/?p=561239","title":{"rendered":"AMM capacita munic\u00edpios de MT para reduzir impactos da Reforma Tribut\u00e1ria"},"content":{"rendered":"<div><img decoding=\"async\" src=\"https:\/\/jornaldematogrosso.com.br\/imagens\/658x420\/posts\/2026\/07\/139177_amm-em-evento-8-jpg.jpg\" \/>\n<div>\n<p>A Reforma Tribut\u00e1ria poder\u00e1 provocar perdas estimadas em cerca de R$ 1 bilh\u00e3o para Mato Grosso somente em 2029, primeiro ano de vig\u00eancia do novo sistema tribut\u00e1rio, conforme proje\u00e7\u00f5es do Governo do Estado. Desse montante, aproximadamente R$ 250 milh\u00f5es poder\u00e3o impactar os munic\u00edpios mato-grossenses. Para preparar as prefeituras para o per\u00edodo de transi\u00e7\u00e3o e orientar gestores sobre medidas para minimizar os efeitos financeiros da mudan\u00e7a, a Associa\u00e7\u00e3o Mato-grossense dos Munic\u00edpios (AMM) iniciou nesta quinta-feira (16), no audit\u00f3rio da institui\u00e7\u00e3o, a segunda etapa do Semin\u00e1rio de Treinamento do Comit\u00ea Gestor do IBS Regional. <\/p>\n<p>O evento conta com a parceria da Secretaria de Estado de Fazenda (Sefaz-MT), Confedera\u00e7\u00e3o Nacional dos Munic\u00edpios (CNM), Tribunal de Contas de Mato Grosso (TCE-MT), Receita Federal e Prefeitura de C\u00e1ceres. Realizada em formato h\u00edbrido, a capacita\u00e7\u00e3o re\u00fane cerca de 170 participantes de diversas regi\u00f5es do estado.<\/p>\n<p>Mato Grosso \u00e9 o primeiro estado do pa\u00eds a instituir o Comit\u00ea Gestor do IBS Regional, estruturado de forma semelhante ao colegiado nacional e com a participa\u00e7\u00e3o de representantes dos 142 munic\u00edpios.<\/p>\n<p>Na abertura do evento, o presidente da AMM, Hemerson Maninho, destacou o trabalho desenvolvido pela institui\u00e7\u00e3o para capacitar gestores e equipes t\u00e9cnicas municipais diante das mudan\u00e7as previstas pelo novo sistema tribut\u00e1rio nacional. &#8220;A Reforma Tribut\u00e1ria \u00e9 um grande desafio para Mato Grosso, que ser\u00e1 um dos estados mais impactados financeiramente pelo novo sistema. Estamos desenvolvendo um trabalho integrado com o Governo do Estado e outros parceiros para orientar gestores e equipes t\u00e9cnicas sobre os procedimentos que dever\u00e3o ser adotados durante o per\u00edodo de transi\u00e7\u00e3o, buscando reduzir os impactos nas finan\u00e7as das prefeituras e, consequentemente, na popula\u00e7\u00e3o&#8221;, afirma. <\/p>\n<p>O secret\u00e1rio-adjunto de Projetos Estrat\u00e9gicos da Secretaria de Estado de Fazenda (Sefaz-MT), Vin\u00edcius Simioni, um dos palestrantes do semin\u00e1rio, explicou que as caracter\u00edsticas econ\u00f4micas de Mato Grosso est\u00e3o entre os fatores que influenciam os impactos previstos com a mudan\u00e7a no sistema tribut\u00e1rio. &#8220;Mato Grosso \u00e9 um estado eminentemente produtor. Cerca de dois ter\u00e7os do que produzimos s\u00e3o destinados a outros estados e apenas um ter\u00e7o \u00e9 consumido internamente. Como a tributa\u00e7\u00e3o ser\u00e1 orientada pelo consumo, nossa arrecada\u00e7\u00e3o ser\u00e1 afetada. Por isso, precisamos atuar conjuntamente entre estado, munic\u00edpios, iniciativa privada e Poder Legislativo para mitigar os efeitos dessa mudan\u00e7a&#8221;, destaca.  <\/p>\n<p>A abertura do semin\u00e1rio contou ainda com a presen\u00e7a do vice-presidente da AMM e prefeito de Rondol\u00e2ndia, Jos\u00e9 Guedes; da coordenadora do setor T\u00e9cnico e Cont\u00e1bil da institui\u00e7\u00e3o, Waldna Fraga, entre outros. <\/p>\n<p>O que os munic\u00edpios precisam fazer ainda em 2026<br \/>O secret\u00e1rio-adjunto de Projetos Estrat\u00e9gicos da Secretaria de Estado de Fazenda (Sefaz-MT), Vin\u00edcius Simioni, ressaltou que os munic\u00edpios precisam cumprir, ainda em 2026, uma s\u00e9rie de etapas de prepara\u00e7\u00e3o para a Reforma Tribut\u00e1ria, incluindo a atualiza\u00e7\u00e3o cadastral e a alimenta\u00e7\u00e3o do Cadastro de Im\u00f3veis Brasileiro (CIB). Tamb\u00e9m \u00e9 fundamental investir na capacita\u00e7\u00e3o das equipes t\u00e9cnicas para compreender as mudan\u00e7as e se preparar para o per\u00edodo de transi\u00e7\u00e3o, garantindo que os gestores estejam aptos a implementar as novas regras.<\/p>\n<p>Outro ponto de aten\u00e7\u00e3o \u00e9 a arrecada\u00e7\u00e3o do  Imposto sobre Servi\u00e7os (ISS) at\u00e9 o fim de 2026. A m\u00e9dia da arrecada\u00e7\u00e3o entre 2019 e 2026 ser\u00e1 utilizada como refer\u00eancia para reduzir poss\u00edveis perdas decorrentes da mudan\u00e7a do modelo tribut\u00e1rio. Por isso, estados e munic\u00edpios devem intensificar a\u00e7\u00f5es de regulariza\u00e7\u00e3o dos contribuintes, com notifica\u00e7\u00f5es, parcelamentos e incentivos \u00e0 quita\u00e7\u00e3o espont\u00e2nea dos d\u00e9bitos, ampliando a entrada de recursos nos cofres p\u00fablicos.<\/p>\n<p><\/p>\n<p>Programa\u00e7\u00e3o refor\u00e7a orienta\u00e7\u00f5es<\/p>\n<p>A capacita\u00e7\u00e3o segue at\u00e9 esta sexta-feira (17) e inclui orienta\u00e7\u00f5es sobre fiscaliza\u00e7\u00e3o, gest\u00e3o e arrecada\u00e7\u00e3o do ISSQN, al\u00e9m de debates sobre os primeiros passos da gest\u00e3o municipal diante da Reforma Tribut\u00e1ria e os efeitos da falta de adequa\u00e7\u00e3o dos munic\u00edpios. Outros temas em destaque s\u00e3o as estrat\u00e9gias das administra\u00e7\u00f5es tribut\u00e1rias municipais para incremento do ISSQN e melhoria da participa\u00e7\u00e3o na cota-parte do ICMS, os aspectos cont\u00e1beis que influenciam os \u00edndices da Reforma Tribut\u00e1ria, como receita refer\u00eancia e seguro receita.  <\/p>\n<p><\/p>\n<\/div>\n<\/div>","protected":false},"excerpt":{"rendered":"<p>A Reforma Tribut\u00e1ria poder\u00e1 provocar perdas estimadas em cerca de R$ 1 bilh\u00e3o para Mato Grosso somente em 2029, primeiro&hellip;<\/p>\n","protected":false},"author":4,"featured_media":561240,"comment_status":"open","ping_status":"open","sticky":false,"template":"","format":"standard","meta":{"footnotes":""},"categories":[204],"tags":[],"class_list":["post-561239","post","type-post","status-publish","format-standard","has-post-thumbnail","hentry","category-ultimas-noticias"],"_links":{"self":[{"href":"https:\/\/villanews.com.br\/index.php?rest_route=\/wp\/v2\/posts\/561239","targetHints":{"allow":["GET"]}}],"collection":[{"href":"https:\/\/villanews.com.br\/index.php?rest_route=\/wp\/v2\/posts"}],"about":[{"href":"https:\/\/villanews.com.br\/index.php?rest_route=\/wp\/v2\/types\/post"}],"author":[{"embeddable":true,"href":"https:\/\/villanews.com.br\/index.php?rest_route=\/wp\/v2\/users\/4"}],"replies":[{"embeddable":true,"href":"https:\/\/villanews.com.br\/index.php?rest_route=%2Fwp%2Fv2%2Fcomments&post=561239"}],"version-history":[{"count":0,"href":"https:\/\/villanews.com.br\/index.php?rest_route=\/wp\/v2\/posts\/561239\/revisions"}],"wp:featuredmedia":[{"embeddable":true,"href":"https:\/\/villanews.com.br\/index.php?rest_route=\/wp\/v2\/media\/561240"}],"wp:attachment":[{"href":"https:\/\/villanews.com.br\/index.php?rest_route=%2Fwp%2Fv2%2Fmedia&parent=561239"}],"wp:term":[{"taxonomy":"category","embeddable":true,"href":"https:\/\/villanews.com.br\/index.php?rest_route=%2Fwp%2Fv2%2Fcategories&post=561239"},{"taxonomy":"post_tag","embeddable":true,"href":"https:\/\/villanews.com.br\/index.php?rest_route=%2Fwp%2Fv2%2Ftags&post=561239"}],"curies":[{"name":"wp","href":"https:\/\/api.w.org\/{rel}","templated":true}]}}