{"id":560954,"date":"2026-07-16T18:04:52","date_gmt":"2026-07-16T22:04:52","guid":{"rendered":"https:\/\/villanews.com.br\/?p=560954"},"modified":"2026-07-16T18:04:52","modified_gmt":"2026-07-16T22:04:52","slug":"fiesp-culpa-lula-por-tarifaco-e-coordenador-de-campanha-petista-reage-vergonhoso","status":"publish","type":"post","link":"https:\/\/villanews.com.br\/?p=560954","title":{"rendered":"Fiesp culpa Lula por tarifa\u00e7o e coordenador de campanha petista reage: \u201cVergonhoso\u201d"},"content":{"rendered":"<div class=\"postBody-module-scss-module__8_WGKG__postBodyContainer\">\n<p>A Federa\u00e7\u00e3o das Ind\u00fastrias do Estado de S\u00e3o Paulo (FIesp) atribuiu diretamente ao governo e a atitudes do presidente Lula a aplica\u00e7\u00e3o de novas taxas dos Estados Unidos a produtos brasileiros. A avalia\u00e7\u00e3o foi rebatida pelo coordenador da campanha de reelei\u00e7\u00e3o de Lula, que viu objetivos &#8220;pol\u00edtico-eleitorais&#8221; na nota da entidade.<\/p>\n<p>O\u00a0<a href=\"https:\/\/www.gazetadopovo.com.br\/cafe-com-a-gazeta\/trump-oficializa-tarifaco-contra-o-brasil-e-amplia-pressao-comercial\/\">an\u00fancio do novo tarifa\u00e7o americano<\/a>\u00a0na noite desta quarta-feira (15) foi seguido de uma s\u00e9rie de repercuss\u00f5es, tanto do setor produtivo como do governo brasileiro. O governo petista atribuiu a crise \u00e0 fam\u00edlia Bolsonaro e sua rela\u00e7\u00e3o com\u00a0<a href=\"https:\/\/www.gazetadopovo.com.br\/tudo-sobre\/donald-trump\/\">Donald Trump<\/a>, enquanto a oposi\u00e7\u00e3o da direita sustenta que o endurecimento da rela\u00e7\u00e3o bilateral se deve \u00e0 condu\u00e7\u00e3o hostil do comando brasileiro. A Fiesp acompanhou esta avalia\u00e7\u00e3o.<\/p>\n<p>VEJA TAMB\u00c9M:<\/p>\n<p>&#8220;Em um momento de extrema sensibilidade econ\u00f4mica mundial, a\u00a0op\u00e7\u00e3o do governo brasileiro por ru\u00eddos diplom\u00e1ticos desnecess\u00e1rios, cr\u00edticas personalistas, discursos eleitorais e desalinhamento pol\u00edtico com Washington acabou por minar v\u00ednculos constru\u00eddos ao longo de mais de 200 anos de coopera\u00e7\u00e3o bilateral&#8221;, diz o texto assinado pelo presidente da Fiesp, Paulo Skaf.<\/p>\n<p>Skaf viu na aplica\u00e7\u00e3o do tarifa\u00e7o um resultado da pol\u00edtica de enfrentamento de Lula aos EUA como tendo um objetivo pol\u00edtico-eleitoral. O pr\u00f3prio Skaf j\u00e1 foi tr\u00eas vezes candidato ao Pal\u00e1cio dos Bandeirantes na d\u00e9cada passada, sempre na oposi\u00e7\u00e3o aos governos de esquerda do PT.<\/p>\n<h2>Coordenador da campanha de Lula critica &#8220;uso pol\u00edtico-eleitoral&#8221; da Fiesp<\/h2>\n<p>Coordenador nacional da campanha de Lula e regional do ex-ministro da Fazenda Fernando Haddad ao governo de S\u00e3o Paulo, o advogado Marco Aur\u00e9lio de Carvalho rebateu Skaf e classificou a nota como \u201cvergonhosa\u201d.<\/p>\n<p>\u201cA instrumentaliza\u00e7\u00e3o de uma entidade importante como a Fiesp preocupa a sociedade, mas principalmente deveria preocupar seus associados, porque Skaf d\u00e1 uma for\u00e7a aos americanos e tende a ser utilizada a favor dos ataques \u00e0 soberania nacional\u201d, disse Carvalho.<\/p>\n<p>Carvalho defendeu que Skaf seja publicamente cobrado pelos associados \u00e0 Fiesp por n\u00e3o buscar &#8220;consenso&#8221; e harmonia.<\/p>\n<h2>Marco Rubio atribuiu a Lula responsabilidade<\/h2>\n<p>O governo brasileiro emitiu uma nota em que alega que a imposi\u00e7\u00e3o da taxa \u00e9 o resultado de um &#8220;enredo constru\u00eddo com a ativa colabora\u00e7\u00e3o da fam\u00edlia Bolsonaro&#8221; e atacou: &#8220;S\u00e3o falsos patriotas que arquitetaram e defenderam publicamente a\u00e7\u00f5es contra o nosso pa\u00eds, movidos por objetivos eleitoreiros&#8221;.<\/p>\n<p>&#8220;N\u00e3o se pode amar o Brasil apenas quando vencemos elei\u00e7\u00f5es. Proteger a nossa soberania \u00e9 uma obriga\u00e7\u00e3o que est\u00e1 acima de todos os partidos e todas as tend\u00eancias. O governo brasileiro n\u00e3o vacilar\u00e1 em seu dever de preserv\u00e1-la&#8221;, conclui a nota.<\/p>\n<p>A tentativa de responsabiliza\u00e7\u00e3o da fam\u00edlia Bolsonaro, no entanto, contou com uma declara\u00e7\u00e3o contr\u00e1ria do secret\u00e1rio de Estado dos Estados Unidos, Marco Rubio:<\/p>\n<p>&#8220;No \u00faltimo ano, Lula colocou seu pr\u00f3prio ego \u00e0 frente de fazer um acordo pelo bem-estar do povo brasileiro, e essas tarifas s\u00e3o o pre\u00e7o por isso&#8221;.<\/p>\n<p>A oposi\u00e7\u00e3o passou a utilizar a manifesta\u00e7\u00e3o de Rubio nas redes sociais. Fl\u00e1vio chamou o petista de &#8220;Biden brasileiro&#8221;, a quem classificou como &#8220;ranzinza&#8221;, &#8220;inconsequente&#8221; e &#8220;um perigo para a nossa na\u00e7\u00e3o&#8221;.<\/p>\n<\/div>\n<p>\u00a0<\/p>","protected":false},"excerpt":{"rendered":"<p>A Federa\u00e7\u00e3o das Ind\u00fastrias do Estado de S\u00e3o Paulo (FIesp) atribuiu diretamente ao governo e a atitudes do presidente Lula&hellip;<\/p>\n","protected":false},"author":4,"featured_media":559882,"comment_status":"open","ping_status":"open","sticky":false,"template":"","format":"standard","meta":{"footnotes":""},"categories":[190],"tags":[],"class_list":["post-560954","post","type-post","status-publish","format-standard","has-post-thumbnail","hentry","category-economia"],"_links":{"self":[{"href":"https:\/\/villanews.com.br\/index.php?rest_route=\/wp\/v2\/posts\/560954","targetHints":{"allow":["GET"]}}],"collection":[{"href":"https:\/\/villanews.com.br\/index.php?rest_route=\/wp\/v2\/posts"}],"about":[{"href":"https:\/\/villanews.com.br\/index.php?rest_route=\/wp\/v2\/types\/post"}],"author":[{"embeddable":true,"href":"https:\/\/villanews.com.br\/index.php?rest_route=\/wp\/v2\/users\/4"}],"replies":[{"embeddable":true,"href":"https:\/\/villanews.com.br\/index.php?rest_route=%2Fwp%2Fv2%2Fcomments&post=560954"}],"version-history":[{"count":0,"href":"https:\/\/villanews.com.br\/index.php?rest_route=\/wp\/v2\/posts\/560954\/revisions"}],"wp:featuredmedia":[{"embeddable":true,"href":"https:\/\/villanews.com.br\/index.php?rest_route=\/wp\/v2\/media\/559882"}],"wp:attachment":[{"href":"https:\/\/villanews.com.br\/index.php?rest_route=%2Fwp%2Fv2%2Fmedia&parent=560954"}],"wp:term":[{"taxonomy":"category","embeddable":true,"href":"https:\/\/villanews.com.br\/index.php?rest_route=%2Fwp%2Fv2%2Fcategories&post=560954"},{"taxonomy":"post_tag","embeddable":true,"href":"https:\/\/villanews.com.br\/index.php?rest_route=%2Fwp%2Fv2%2Ftags&post=560954"}],"curies":[{"name":"wp","href":"https:\/\/api.w.org\/{rel}","templated":true}]}}