{"id":560922,"date":"2026-07-17T07:00:00","date_gmt":"2026-07-17T11:00:00","guid":{"rendered":"https:\/\/villanews.com.br\/?p=560922"},"modified":"2026-07-17T07:00:00","modified_gmt":"2026-07-17T11:00:00","slug":"manipulacao-da-linguagem-e-terrorismo-semantico","status":"publish","type":"post","link":"https:\/\/villanews.com.br\/?p=560922","title":{"rendered":"Manipula\u00e7\u00e3o da linguagem e terrorismo sem\u00e2ntico"},"content":{"rendered":"<div class=\"postLayout-module-scss-module__08MJ-a__postContent\"><img decoding=\"async\" src=\"https:\/\/media.gazetadopovo.com.br\/2026\/07\/16222216\/controle-da-linguagem-uniao-sovietica.jpg.webp\" \/><span>M\u00e1quina de propaganda sovi\u00e9tica transformou \u201cfome\u201d em \u201cdificuldades tempor\u00e1rias no abastecimento\u201d, e a popula\u00e7\u00e3o aceitou. (Foto: Imagem criada utilizando Google Flow\/Gazeta do Povo)<\/span>\n<p>Ou\u00e7a este conte\u00fado<\/p>\n<div class=\"postBody-module-scss-module__8_WGKG__postBodyContainer\">\n<p>A linguagem n\u00e3o \u00e9 apenas uma ferramenta de <a href=\"https:\/\/www.gazetadopovo.com.br\/tudo-sobre\/comunicacao\/\">comunica\u00e7\u00e3o<\/a>. Ela \u00e9 tamb\u00e9m um instrumento de poder. O poder que emana da palavra e sobretudo do conjunto delas, expressado em frases afirmativas, interrogativas e imperativas, sempre foi o instrumento das formas de poder que dominaram o mundo ao longo dos tempos.<\/p>\n<p>Uma das experi\u00eancias de maior uso da palavra como ferramenta para mentir, enganar e dominar as pessoas e suas vidas se deu no chamado \u201cExperimento Sovi\u00e9tico e a Manipula\u00e7\u00e3o da Percep\u00e7\u00e3o\u201d, pelo qual um grupo de cidad\u00e3os sovi\u00e9ticos foi submetido a um experimento lingu\u00edstico sem que eles soubessem do que estavam sendo v\u00edtimas.<\/p>\n<p>A coisa come\u00e7ou com o governo determinando que certas palavras deviam desaparecer do vocabul\u00e1rio cotidiano e serem substitu\u00eddas por outras, cujo fim era produzir rea\u00e7\u00f5es diferentes. Por exemplo, foram banidas palavras como \u201ccrise\u201d, \u201cfome\u201d e \u201cdesigualdade\u201d. Ali, o uso da linguagem a servi\u00e7o da ditadura alcan\u00e7ou elevado n\u00edvel de sofistica\u00e7\u00e3o.<\/p>\n<p>Em jornais, publica\u00e7\u00f5es v\u00e1rias e discursos feitos pelo partido, a palavra \u201cfome\u201d foi substitu\u00edda por \u201cdificuldades tempor\u00e1rias no abastecimento\u201d. Os <em>gulags<\/em> (pris\u00f5es terr\u00edveis, desumanas, locais de torturas) passaram a ser chamados de \u201ccentros de treinamento profissional\u201d. As execu\u00e7\u00f5es pol\u00edticas viraram \u201cajustes para a estabilidade do povo\u201d.<\/p>\n<blockquote>\n<p>A manipula\u00e7\u00e3o da linguagem pelo abandono de certas palavras ou express\u00f5es e a introdu\u00e7\u00e3o de outras em seu lugar obscurecem a mente das pessoas<\/p>\n<\/blockquote>\n<p>O resultado desse experimento foi apavorante e aterrador. No caso da fome, quando pesquisadores sovi\u00e9ticos foram \u00e0s ruas perguntar \u00e0s pessoas se havia \u201cfome\u201d na URSS, muitos respondiam que n\u00e3o e diziam: \u201cestamos apenas com algumas dificuldades\u201d.<\/p>\n<p>Comprovava-se ali que a manipula\u00e7\u00e3o da linguagem havia produzido o efeito de alterar a percep\u00e7\u00e3o do povo sobre a realidade, ainda que seus est\u00f4magos estivessem vazios. Com a palavra \u201cfome\u201d deixando de fazer parte do discurso, das leis e dos documentos p\u00fablicos, o conceito come\u00e7ava a desaparecer na mente das pessoas.<\/p>\n<p>Ap\u00f3s pesquisas e estudos com m\u00e9todo e experimentos pr\u00e1ticos, a <a href=\"https:\/\/www.gazetadopovo.com.br\/tudo-sobre\/psicologia\/\">psicologia <\/a>e a neuroci\u00eancia avan\u00e7aram no entendimento de como funciona a mente humana. N\u00e3o \u00e9 por acaso que foi na <a href=\"https:\/\/www.gazetadopovo.com.br\/tudo-sobre\/russia\/\">R\u00fassia<\/a>, ap\u00f3s a revolu\u00e7\u00e3o socialista de 1917, onde mais essa pr\u00e1tica foi adotada e mais a psicologia se desenvolveu.<\/p>\n<p>Uma das conclus\u00f5es \u00e9 que a manipula\u00e7\u00e3o da linguagem pelo abandono de certas palavras ou express\u00f5es e a introdu\u00e7\u00e3o de outras em seu lugar (sempre um eufemismo para minimizar ou substituir fatos) obscurecem a mente das pessoas e as levam a perder a dimens\u00e3o da realidade e suas consequ\u00eancias.<\/p>\n<p>VEJA TAMB\u00c9M:<\/p>\n<p>Mesmo em pa\u00edses com ditaduras menos truculentas, h\u00e1 d\u00favidas se o que as pessoas pensam, valorizam e acreditam ser justo ou injusto \u00e9 constru\u00e7\u00e3o da reflex\u00e3o e an\u00e1lise individual ou \u00e9 definido pelo governo, pelas leis e pela m\u00eddia, por meio da linguagem e das narrativas impostas.<\/p>\n<p>N\u00e3o \u00e9 por acaso que o primeiro territ\u00f3rio que as ditaduras e os regimes opressores conquistam n\u00e3o \u00e9 o f\u00edsico: \u00e9 o dicion\u00e1rio, as palavras e seu significado. Ant\u00f4nio Gramsci (1891-1937), fil\u00f3sofo comunista construtor da guerra cultural, dizia que a guerra pelo poder e domina\u00e7\u00e3o se ganha com as armas da cultura e dos argumentos, n\u00e3o dos fuzis.<\/p>\n<p>Gramsci foi um mestre na arte de ensinar aos ditadores comunistas que eles deveriam dominar pela paci\u00eancia e pelo convencimento por meio da palavra e dos argumentos incutidos na mente do povo. Um exemplo interessante dessa t\u00e1tica de Gramsci foi sua oposi\u00e7\u00e3o \u00e0 proposta de extirpar a igreja e a <a href=\"https:\/\/www.gazetadopovo.com.br\/tudo-sobre\/religiao\/\">religi\u00e3o<\/a>.<\/p>\n<p>Quando propuseram que a religi\u00e3o fosse abolida e as igrejas fossem fechadas, Gramsci disse: \u201cN\u00e3o, n\u00e3o vamos acabar com a igreja. Vamos ingressar nela, esvazi\u00e1-la de seu conte\u00fado espiritual e religioso e transform\u00e1-la em porta-voz de nossa mensagem pol\u00edtica revolucion\u00e1ria\u201d.<\/p>\n<blockquote>\n<p>O primeiro territ\u00f3rio que as ditaduras e os regimes opressores conquistam n\u00e3o \u00e9 o f\u00edsico: \u00e9 o dicion\u00e1rio, as palavras e seu significado<\/p>\n<\/blockquote>\n<p>Para tanto, Gramsci tinha toda uma teoria sobre a guerra cultural e sua estrat\u00e9gia, especialmente na constru\u00e7\u00e3o das narrativas e da propaganda pol\u00edtica. Neste ponto entra outra quest\u00e3o: o terrorismo sem\u00e2ntico, que difere da simples manipula\u00e7\u00e3o da linguagem.<\/p>\n<p>Para come\u00e7ar, \u00e9 preciso definir <em>sem\u00e2ntica<\/em>. De forma simplificada, sem\u00e2ntica \u00e9 uma parte da lingu\u00edstica que estuda o significado das palavras e a interpreta\u00e7\u00e3o das frases e dos enunciados, bem como a evolu\u00e7\u00e3o do sentido das palavras e s\u00edmbolos usados na comunica\u00e7\u00e3o humana.<\/p>\n<p>O terrorismo sem\u00e2ntico difere da manipula\u00e7\u00e3o da linguagem por ser a pr\u00e1tica deliberada de modificar o significado das palavras a fim de distorcer os conceitos e as realidades que elas representam, com o objetivo de influenciar a opini\u00e3o das pessoas.<\/p>\n<p>A manipula\u00e7\u00e3o da linguagem consiste em ajustar a narrativa, selecionar palavras estrat\u00e9gicas, disfar\u00e7ar os fatos e usar eufemismos sem, entretanto, destruir toda a estrutura do pensamento e da conclus\u00e3o derivada das palavras.<\/p>\n<p>VEJA TAMB\u00c9M:<\/p>\n<p>Por sua vez, o terrorismo sem\u00e2ntico \u00e9 um artif\u00edcio radical e demolidor dos significados pela destrui\u00e7\u00e3o total da interpreta\u00e7\u00e3o atual de determinada palavra ou conceito. N\u00e3o se trata de esconder os fatos, mas reprogram\u00e1-los, inclusive reescrevendo e reeditando sua hist\u00f3ria, principalmente em rela\u00e7\u00e3o a pensamentos abstratos.<\/p>\n<p>Conceitos de liberdade, paz, justi\u00e7a, trabalho, democracia, fam\u00edlia e, mais recentemente, os conceitos de homem e mulher foram v\u00edtimas do terrorismo sem\u00e2ntico. Essas palavras foram esvaziadas de seu significado original e preenchidas at\u00e9 mesmo com seu oposto, conforme os interesses da ideologia e do poder dominante.<\/p>\n<p>Um exemplo perturbador de terrorismo sem\u00e2ntico e reprograma\u00e7\u00e3o de conceitos fundamentais se deu com a palavra \u201cmulher\u201d, que durante s\u00e9culos n\u00e3o precisou de explica\u00e7\u00e3o. A palavra \u201cmulher\u201d sempre teve seu significado \u00f3bvio para todo mundo como sendo um ser humano adulto do sexo feminino.<\/p>\n<p>Indo mais direto ao ponto, nunca houve d\u00favida a respeito: se nasce com p\u00eanis, \u00e9 homem; se nasce com vagina, \u00e9 mulher. E isso nada tem a ver com a op\u00e7\u00e3o sexual, que \u00e9 uma quest\u00e3o de foro individual de cada ser humano, que deve ser respeitada.<\/p>\n<blockquote>\n<p>O terrorismo sem\u00e2ntico, do jeito que est\u00e1 posto, tornou-se uma tirania moral que n\u00e3o requer canh\u00f5es nem pris\u00f5es, mas apenas dicion\u00e1rios<\/p>\n<\/blockquote>\n<p>Nos \u00faltimos tempos, o terrorismo sem\u00e2ntico vem tentando esvaziar a palavra \u201cmulher\u201d de seu significado, para transform\u00e1-la num conceito fluido, male\u00e1vel, subjetivo e de dif\u00edcil defini\u00e7\u00e3o precisa.<\/p>\n<p>Ficou famoso o caso de 2014 em que uma lutadora transg\u00eanero de MMA causou uma concuss\u00e3o e uma fratura na face de sua oponente. Ora, a constitui\u00e7\u00e3o f\u00edsica, a for\u00e7a e os m\u00fasculos da lutadora trans eram de homem; portanto, n\u00e3o era uma luta em igualdade de condi\u00e7\u00f5es.<\/p>\n<p>Conceitos hist\u00f3ricos de palavras como justi\u00e7a, paz, guerra, escravid\u00e3o, liberdade, democracia, ci\u00eancia, governo e Estado passam por grande confus\u00e3o de significados, e isso nos tem levado ao erro de julgar o passado com palavras adulteradas pelo presente.<\/p>\n<p>George Orwell disse que \u201cquem define as palavras define o mundo\u201d. O terrorismo sem\u00e2ntico, do jeito que est\u00e1 posto, tornou-se uma tirania moral que n\u00e3o requer canh\u00f5es nem pris\u00f5es, mas apenas dicion\u00e1rios. E quem quiser simplesmente debater o assunto \u00e9 logo v\u00edtima de ataque.<\/p>\n<\/div>\n<p>Conte\u00fado editado por: <a title=\"Link para o perfil de Marcio Antonio Campos\" href=\"https:\/\/www.gazetadopovo.com.br\/autor\/marcio-antonio-campos\/\">Marcio Antonio Campos<\/a><\/p>\n<p>Encontrou algo errado na mat\u00e9ria?<\/p>\n<p>Comunique erros<\/p>\n<p>Use este espa\u00e7o apenas para a comunica\u00e7\u00e3o de erros<\/p>\n<\/div>","protected":false},"excerpt":{"rendered":"<p>M\u00e1quina de propaganda sovi\u00e9tica transformou \u201cfome\u201d em \u201cdificuldades tempor\u00e1rias no abastecimento\u201d, e a popula\u00e7\u00e3o aceitou. (Foto: Imagem criada utilizando Google&hellip;<\/p>\n","protected":false},"author":4,"featured_media":560923,"comment_status":"open","ping_status":"open","sticky":false,"template":"","format":"standard","meta":{"footnotes":""},"categories":[204],"tags":[],"class_list":["post-560922","post","type-post","status-publish","format-standard","has-post-thumbnail","hentry","category-ultimas-noticias"],"_links":{"self":[{"href":"https:\/\/villanews.com.br\/index.php?rest_route=\/wp\/v2\/posts\/560922","targetHints":{"allow":["GET"]}}],"collection":[{"href":"https:\/\/villanews.com.br\/index.php?rest_route=\/wp\/v2\/posts"}],"about":[{"href":"https:\/\/villanews.com.br\/index.php?rest_route=\/wp\/v2\/types\/post"}],"author":[{"embeddable":true,"href":"https:\/\/villanews.com.br\/index.php?rest_route=\/wp\/v2\/users\/4"}],"replies":[{"embeddable":true,"href":"https:\/\/villanews.com.br\/index.php?rest_route=%2Fwp%2Fv2%2Fcomments&post=560922"}],"version-history":[{"count":0,"href":"https:\/\/villanews.com.br\/index.php?rest_route=\/wp\/v2\/posts\/560922\/revisions"}],"wp:featuredmedia":[{"embeddable":true,"href":"https:\/\/villanews.com.br\/index.php?rest_route=\/wp\/v2\/media\/560923"}],"wp:attachment":[{"href":"https:\/\/villanews.com.br\/index.php?rest_route=%2Fwp%2Fv2%2Fmedia&parent=560922"}],"wp:term":[{"taxonomy":"category","embeddable":true,"href":"https:\/\/villanews.com.br\/index.php?rest_route=%2Fwp%2Fv2%2Fcategories&post=560922"},{"taxonomy":"post_tag","embeddable":true,"href":"https:\/\/villanews.com.br\/index.php?rest_route=%2Fwp%2Fv2%2Ftags&post=560922"}],"curies":[{"name":"wp","href":"https:\/\/api.w.org\/{rel}","templated":true}]}}