{"id":560914,"date":"2026-07-16T21:16:02","date_gmt":"2026-07-17T01:16:02","guid":{"rendered":"https:\/\/villanews.com.br\/?p=560914"},"modified":"2026-07-16T21:16:02","modified_gmt":"2026-07-17T01:16:02","slug":"mp-eleitoral-arquiva-questionamento-sobre-domicilio-eleitoral-de-carlos-bolsonaro","status":"publish","type":"post","link":"https:\/\/villanews.com.br\/?p=560914","title":{"rendered":"MP Eleitoral arquiva questionamento sobre domic\u00edlio eleitoral de Carlos Bolsonaro"},"content":{"rendered":"<div class=\"postBody-module-scss-module__8_WGKG__postBodyContainer\">\n<p>O Minist\u00e9rio P\u00fablico Eleitoral (MPE) arquivou uma not\u00edcia de fato\u00a0que apurava a regularidade da transfer\u00eancia do domic\u00edlio eleitoral do ex-vereador Carlos Bolsonaro (PL) do Rio de Janeiro para Santa Catarina. A decis\u00e3o da 84\u00aa Promotoria Eleitoral de S\u00e3o Jos\u00e9 (SC) concluiu que n\u00e3o h\u00e1 ind\u00edcios de irregularidade no procedimento e encerrou o questionamento jur\u00eddico sobre a mudan\u00e7a.<\/p>\n<p>A apura\u00e7\u00e3o teve in\u00edcio ap\u00f3s uma representa\u00e7\u00e3o que questionava se a transfer\u00eancia do domic\u00edlio atendia aos requisitos previstos na legisla\u00e7\u00e3o eleitoral.<\/p>\n<p>Durante o procedimento, a Promotoria solicitou informa\u00e7\u00f5es \u00e0 Justi\u00e7a Eleitoral e analisou a documenta\u00e7\u00e3o referente ao caso. Ao final, entendeu que os elementos reunidos confirmam a regularidade do ato.<\/p>\n<p>Na decis\u00e3o, o promotor eleitoral afirmou que n\u00e3o h\u00e1 &#8220;ind\u00edcios concretos de irregularidade, bem como justa causa para a ado\u00e7\u00e3o de medidas investigat\u00f3rias complementares ou o ajuizamento de medidas judiciais&#8221;.<\/p>\n<p>Carlos Bolsonaro transferiu seu domic\u00edlio eleitoral para S\u00e3o Jos\u00e9, na Grande Florian\u00f3polis, no fim de 2025 e \u00e9 apontado pelo PL como pr\u00e9-candidato ao Senado por Santa Catarina nas elei\u00e7\u00f5es de 2026. A mudan\u00e7a gerou questionamentos de advers\u00e1rios pol\u00edticos, que alegavam falta de v\u00ednculo do ex-vereador com o estado.<\/p>\n<p>Advers\u00e1rios de Carlos Bolsonaro compararam o caso ao do senador Sergio Moro. Em 2022, a Justi\u00e7a Eleitoral barrou a transfer\u00eancia do domic\u00edlio eleitoral de Moro para S\u00e3o Paulo por entender que ele n\u00e3o havia comprovado v\u00ednculos suficientes com o estado.<\/p>\n<h2>Carlos Bolsonaro comemora decis\u00e3o<\/h2>\n<p>Pelas redes sociais, nesta quinta-feira (16), o ex-vereador classificou o processo como &#8220;absurdo&#8221; e comemorou a decis\u00e3o do MPE.<\/p>\n<p>&#8220;Quando tomei a decis\u00e3o de me tornar um catarinense por ado\u00e7\u00e3o, j\u00e1 previa que fariam ataques para tentar me prejudicar. Uma tentativa de quem tem medo da for\u00e7a da direita no estado e do nome Bolsonaro&#8221;, afirmou Carlos em <a href=\"https:\/\/x.com\/CarlosBolsonaro\/status\/2077871974701732086\">publica\u00e7\u00e3o no X<\/a>.<\/p>\n<p>&#8220;Essa den\u00fancia jamais tirou meu sono porque eu tenho a tranquilidade de estar fazendo tudo de forma legal&#8221;, completou.<\/p>\n<p>VEJA TAMB\u00c9M:<\/p>\n<\/div>","protected":false},"excerpt":{"rendered":"<p>O Minist\u00e9rio P\u00fablico Eleitoral (MPE) arquivou uma not\u00edcia de fato\u00a0que apurava a regularidade da transfer\u00eancia do domic\u00edlio eleitoral do ex-vereador&hellip;<\/p>\n","protected":false},"author":4,"featured_media":560174,"comment_status":"open","ping_status":"open","sticky":false,"template":"","format":"standard","meta":{"footnotes":""},"categories":[5],"tags":[],"class_list":["post-560914","post","type-post","status-publish","format-standard","has-post-thumbnail","hentry","category-politica"],"_links":{"self":[{"href":"https:\/\/villanews.com.br\/index.php?rest_route=\/wp\/v2\/posts\/560914","targetHints":{"allow":["GET"]}}],"collection":[{"href":"https:\/\/villanews.com.br\/index.php?rest_route=\/wp\/v2\/posts"}],"about":[{"href":"https:\/\/villanews.com.br\/index.php?rest_route=\/wp\/v2\/types\/post"}],"author":[{"embeddable":true,"href":"https:\/\/villanews.com.br\/index.php?rest_route=\/wp\/v2\/users\/4"}],"replies":[{"embeddable":true,"href":"https:\/\/villanews.com.br\/index.php?rest_route=%2Fwp%2Fv2%2Fcomments&post=560914"}],"version-history":[{"count":0,"href":"https:\/\/villanews.com.br\/index.php?rest_route=\/wp\/v2\/posts\/560914\/revisions"}],"wp:featuredmedia":[{"embeddable":true,"href":"https:\/\/villanews.com.br\/index.php?rest_route=\/wp\/v2\/media\/560174"}],"wp:attachment":[{"href":"https:\/\/villanews.com.br\/index.php?rest_route=%2Fwp%2Fv2%2Fmedia&parent=560914"}],"wp:term":[{"taxonomy":"category","embeddable":true,"href":"https:\/\/villanews.com.br\/index.php?rest_route=%2Fwp%2Fv2%2Fcategories&post=560914"},{"taxonomy":"post_tag","embeddable":true,"href":"https:\/\/villanews.com.br\/index.php?rest_route=%2Fwp%2Fv2%2Ftags&post=560914"}],"curies":[{"name":"wp","href":"https:\/\/api.w.org\/{rel}","templated":true}]}}