{"id":560895,"date":"2026-07-17T05:20:42","date_gmt":"2026-07-17T09:20:42","guid":{"rendered":"https:\/\/villanews.com.br\/?p=560895"},"modified":"2026-07-17T05:20:42","modified_gmt":"2026-07-17T09:20:42","slug":"conheca-o-arbitro-escolhido-para-apitar-a-final-da-copa-do-mundo","status":"publish","type":"post","link":"https:\/\/villanews.com.br\/?p=560895","title":{"rendered":"Conhe\u00e7a o \u00e1rbitro escolhido para apitar a final da Copa do Mundo"},"content":{"rendered":"<article class=\"mb-12\">\n<h2>Esloveno Slavko Vincic comandar\u00e1 a decis\u00e3o entre Espanha e Argentina no domingo. Em 2020, ele foi levado para depor durante uma opera\u00e7\u00e3o policial na B\u00f3snia, mas acabou inocentado e nunca respondeu a acusa\u00e7\u00f5es<\/h2>\n<p><img decoding=\"async\" src=\"https:\/\/media-manager.noticiasaominuto.com.br\/960\/naom_6a59e371a7b98.webp?crop_params=eyJsYW5kc2NhcGUiOnsiY3JvcFdpZHRoIjoyMDQ4LCJjcm9wSGVpZ2h0IjoxMTUyLCJjcm9wWCI6MjUxLCJjcm9wWSI6MjV9fQ==\" \/><\/p>\n<p>\u00a9 Getty<\/p>\n<p><img decoding=\"async\" src=\"https:\/\/noticiasaominutobr-img.com\/team\/naom.png\" \/><\/p>\n<p><span><br \/>\n                    17\/07\/2026 06:20 \u2027<br \/>\n                    h\u00e1 1 hora<br \/>\n                    por Not\u00edcias ao Minuto<br \/>\n                <\/span><\/p>\n<p>\n                        Esporte\n                    <\/p>\n<p>\n                                                    Slavko Vincic\n                                            <\/p>\n<div class=\"article-content mb-24 font-slab text-paragraph font-light\">\n<p><span>A<\/span> Fifa definiu nesta quinta-feira (16) a equipe de arbitragem respons\u00e1vel pela final da Copa do Mundo de 2026. A decis\u00e3o entre Espanha e Argentina ser\u00e1 disputada no pr\u00f3ximo domingo (19), \u00e0s 16h (hor\u00e1rio de Bras\u00edlia), no MetLife Stadium, em Nova Jersey, nos Estados Unidos.<\/p>\n<p>                                                                    \u00a0<\/p>\n<p>O esloveno Slavko Vincic, de 46 anos, foi escolhido para apitar a partida. Ele ter\u00e1 como assistentes os compatriotas Tomaz Klancnik e Andraz Kovacic. O quarto \u00e1rbitro ser\u00e1 Adham Makhadmeh, dos Emirados \u00c1rabes Unidos, enquanto Mohammad Alkalaf atuar\u00e1 como assistente reserva.<\/p>\n<p>Esta ser\u00e1 a quarta partida de Vincic no Mundial. O \u00e1rbitro estreou na competi\u00e7\u00e3o no empate por 1 a 1 entre Brasil e Marrocos, ainda na fase de grupos. Depois, comandou a vit\u00f3ria da Arg\u00e9lia sobre a Jord\u00e2nia por 2 a 1 e o triunfo do M\u00e9xico por 2 a 0 diante do Equador, pelos 16-avos de final.<\/p>\n<p>Com experi\u00eancia em grandes competi\u00e7\u00f5es internacionais, o esloveno tamb\u00e9m acumula decis\u00f5es importantes no futebol europeu. Entre elas, est\u00e1 a final da Liga dos Campe\u00f5es da temporada 2023\/24, vencida pelo Real Madrid sobre o Borussia Dortmund.<\/p>\n<p>Apesar do curr\u00edculo consolidado, Vincic tamb\u00e9m esteve envolvido em um epis\u00f3dio de grande repercuss\u00e3o fora dos gramados. Em 2020, ele foi detido durante uma opera\u00e7\u00e3o policial na B\u00f3snia e Herzegovina que investigava um esquema de prostitui\u00e7\u00e3o, tr\u00e1fico de armas e tr\u00e1fico de drogas.<\/p>\n<p>Na ocasi\u00e3o, a pol\u00edcia apreendeu coca\u00edna, armas, medicamentos e cerca de 10 mil euros em dinheiro. O \u00e1rbitro prestou depoimento como testemunha, foi liberado ainda durante a investiga\u00e7\u00e3o e n\u00e3o chegou a ser denunciado. Posteriormente, acabou inocentado pelas autoridades.<\/p>\n<p><img decoding=\"async\" src=\"https:\/\/media-manager.noticiasaominuto.com\/640\/naom_6a592786d7622.jpg\" \/><\/p>\n<h2><a href=\"https:\/\/www.noticiasaominuto.com.br\/esporte\/2398245\/intervalo-de-ate-30-minutos-na-final-da-copa-provoca-revolta-na-web\"> Intervalo de at\u00e9 30 minutos na final da Copa provoca revolta na web <\/a><\/h2>\n<p>A apresenta\u00e7\u00e3o musical prevista para a decis\u00e3o entre Espanha e Argentina pode prolongar o intervalo para at\u00e9 30 minutos, acima do limite previsto pela Ifab, e ainda provoca d\u00favidas entre emissoras e equipes sobre a dura\u00e7\u00e3o total da paralisa\u00e7\u00e3o.<\/p>\n<p><small> Not\u00edcias ao Minuto | 04:00 &#8211; 17\/07\/2026 <\/small><\/p>\n<\/div>\n<p><a href=\"https:\/\/www.google.com\/preferences\/source?q=noticiasaominuto.com.br\"><\/a><\/p>\n<p><strong>Escolha o Not\u00edcias ao Minuto como fonte preferida no Google<\/strong><br \/>\n<span><br \/>\n        Receba as nossas not\u00edcias com mais destaque sempre que pesquisar no Google.<br \/>\n    <\/span> <\/p><\/article>","protected":false},"excerpt":{"rendered":"<p>Esloveno Slavko Vincic comandar\u00e1 a decis\u00e3o entre Espanha e Argentina no domingo. Em 2020, ele foi levado para depor durante&hellip;<\/p>\n","protected":false},"author":4,"featured_media":560896,"comment_status":"open","ping_status":"open","sticky":false,"template":"","format":"standard","meta":{"footnotes":""},"categories":[6],"tags":[],"class_list":["post-560895","post","type-post","status-publish","format-standard","has-post-thumbnail","hentry","category-esportes"],"_links":{"self":[{"href":"https:\/\/villanews.com.br\/index.php?rest_route=\/wp\/v2\/posts\/560895","targetHints":{"allow":["GET"]}}],"collection":[{"href":"https:\/\/villanews.com.br\/index.php?rest_route=\/wp\/v2\/posts"}],"about":[{"href":"https:\/\/villanews.com.br\/index.php?rest_route=\/wp\/v2\/types\/post"}],"author":[{"embeddable":true,"href":"https:\/\/villanews.com.br\/index.php?rest_route=\/wp\/v2\/users\/4"}],"replies":[{"embeddable":true,"href":"https:\/\/villanews.com.br\/index.php?rest_route=%2Fwp%2Fv2%2Fcomments&post=560895"}],"version-history":[{"count":0,"href":"https:\/\/villanews.com.br\/index.php?rest_route=\/wp\/v2\/posts\/560895\/revisions"}],"wp:featuredmedia":[{"embeddable":true,"href":"https:\/\/villanews.com.br\/index.php?rest_route=\/wp\/v2\/media\/560896"}],"wp:attachment":[{"href":"https:\/\/villanews.com.br\/index.php?rest_route=%2Fwp%2Fv2%2Fmedia&parent=560895"}],"wp:term":[{"taxonomy":"category","embeddable":true,"href":"https:\/\/villanews.com.br\/index.php?rest_route=%2Fwp%2Fv2%2Fcategories&post=560895"},{"taxonomy":"post_tag","embeddable":true,"href":"https:\/\/villanews.com.br\/index.php?rest_route=%2Fwp%2Fv2%2Ftags&post=560895"}],"curies":[{"name":"wp","href":"https:\/\/api.w.org\/{rel}","templated":true}]}}