{"id":560894,"date":"2026-07-15T20:46:39","date_gmt":"2026-07-16T00:46:39","guid":{"rendered":"https:\/\/villanews.com.br\/?p=560894"},"modified":"2026-07-15T20:46:39","modified_gmt":"2026-07-16T00:46:39","slug":"nikolas-dispara-contra-janja-passou-mais-tempo-fora-do-brasil-que-o-presidente","status":"publish","type":"post","link":"https:\/\/villanews.com.br\/?p=560894","title":{"rendered":"Nikolas dispara contra Janja: \u201cPassou mais tempo fora do Brasil que o presidente\u201d"},"content":{"rendered":"<div class=\"postBody-module-scss-module__8_WGKG__postBodyContainer\">\n<p>O deputado federal Nikolas Ferreira (PL-MG) usou seu espa\u00e7o na tribuna do Congresso Nacional nesta ter\u00e7a-feira (15) para falar contra o PL da misoginia e a primeira-dama Ros\u00e2ngela da Silva, a Janja. A t\u00f4nica do seu discurso foi criticar sua declara\u00e7\u00e3o de que associar Janja a altos gastos seria \u201cmisoginia\u201d.<\/p>\n<p>Para o parlamentar, o Congresso estaria mais uma vez em dessintonia com a realidade ao se preocupar com o Projeto de Lei da misoginia ao inv\u00e9s de se concentrar nos problemas reais da sociedade, como o custo de vida, e usou a declara\u00e7\u00e3o recente de Janja para embasar seus argumentos.<\/p>\n<p>VEJA TAMB\u00c9M:<\/p>\n<p>\u201cEnquanto voc\u00ea est\u00e1 pagando mais na gasolina, pagando mais em suas viagens, o Congresso Nacional est\u00e1 preocupado em criminalizar piada. (&#8230;) A Janja agora disse que o apelido dela de \u2018gastadeira\u2019 \u00e9 misoginia. Se voc\u00ea se sente desrespeitado por algu\u00e9m que n\u00e3o tem cargo p\u00fablico mas tem um gabinete, a\u00ed voc\u00ea \u00e9 mis\u00f3gino. (&#8230;) Ela passou mais tempo fora do Brasil que o presidente da Rep\u00fablica!\u201d, disse Nikolas.<\/p>\n<p><a href=\"https:\/\/www.gazetadopovo.com.br\/republica\/nove-fatos-que-indicam-o-crescimento-do-poder-e-da-influencia-de-janja-da-silva\/\">Janja<\/a> disse nesta segunda que a pecha de \u201cgastadeira\u201d, derivada de suas viagens internacionais, seria uma \u201c<a href=\"https:\/\/www.gazetadopovo.com.br\/vida-e-cidadania\/janja-chama-criticas-por-seus-gastos-em-viagem-de-estrategia-da-extrema-direita-misoginia-pura\/\">estrat\u00e9gia da extrema-direita\u201d e uma express\u00e3o de \u201cmisoginia pura\u201d<\/a>.<\/p>\n<p>Segundo ela, as estadias em embaixadas e a op\u00e7\u00e3o de viajar na cabine executiva de companhias a\u00e9reas fariam parte de um protocolo de \u201cseguran\u00e7a\u201d. Sobre suas pr\u00f3prias viagens, Janja afirmou na entrevista ao portal Uol que as dedica a \u201carticula\u00e7\u00f5es\u201d.<\/p>\n<p>Tamb\u00e9m afirmou que \u00e9 a &#8220;primeira vez&#8221; que o brasileiro v\u00ea uma primeira-dama trabalhar, esquecendo-se de Ruth Cardoso, que ficou famosa por seu papel nos dois mandatos de Fernando Henrique Cardoso.<\/p>\n<h2>PL da misoginia fica para o segundo semestre<\/h2>\n<p>Nikolas seguiu em suas cr\u00edticas ao PL da misoginia lembrando do pr\u00f3prio embate com a deputada federal Erika Hilton (PSOL-SP).<\/p>\n<p>\u201cVoc\u00ea n\u00e3o pode criticar um homem biol\u00f3gico que \u00e9 presidente da Comiss\u00e3o da Mulher, porque sen\u00e3o \u00e9 misoginia. Voc\u00ea n\u00e3o pode criticar o projeto de misoginia, sen\u00e3o \u00e9 misoginia. A gente deve estar sem preocupa\u00e7\u00e3o mesmo no Brasil hoje, n\u00e9?&#8221;<\/p>\n<p>O PL 896\/2023 pretende equiparar a discrimina\u00e7\u00e3o contra a mulher para incluir a misoginia entre as condutas previstas na Lei do Racismo, um dos instrumentos penais mais rigorosos do ordenamento jur\u00eddico brasileiro. Isso torna a conduta crime inafian\u00e7\u00e1vel e imprescrit\u00edvel. A reda\u00e7\u00e3o da lei \u00e9 gen\u00e9rica e subjetiva, sem colocar defini\u00e7\u00f5es claras \u00e0s pr\u00e1ticas que ser\u00e3o criminalizadas.<\/p>\n<p>A vota\u00e7\u00e3o da mat\u00e9ria deve ficar para depois do recesso parlamentar, previsto para come\u00e7ar nesta sexta-feira. O presidente da C\u00e2mara, Hugo Motta (Republicanos-PB) disse em plen\u00e1rio que a mat\u00e9ria n\u00e3o estava na pauta desta semana.<\/p>\n<\/div>","protected":false},"excerpt":{"rendered":"<p>O deputado federal Nikolas Ferreira (PL-MG) usou seu espa\u00e7o na tribuna do Congresso Nacional nesta ter\u00e7a-feira (15) para falar contra&hellip;<\/p>\n","protected":false},"author":4,"featured_media":556789,"comment_status":"open","ping_status":"open","sticky":false,"template":"","format":"standard","meta":{"footnotes":""},"categories":[241],"tags":[],"class_list":["post-560894","post","type-post","status-publish","format-standard","has-post-thumbnail","hentry","category-senado-federal"],"_links":{"self":[{"href":"https:\/\/villanews.com.br\/index.php?rest_route=\/wp\/v2\/posts\/560894","targetHints":{"allow":["GET"]}}],"collection":[{"href":"https:\/\/villanews.com.br\/index.php?rest_route=\/wp\/v2\/posts"}],"about":[{"href":"https:\/\/villanews.com.br\/index.php?rest_route=\/wp\/v2\/types\/post"}],"author":[{"embeddable":true,"href":"https:\/\/villanews.com.br\/index.php?rest_route=\/wp\/v2\/users\/4"}],"replies":[{"embeddable":true,"href":"https:\/\/villanews.com.br\/index.php?rest_route=%2Fwp%2Fv2%2Fcomments&post=560894"}],"version-history":[{"count":0,"href":"https:\/\/villanews.com.br\/index.php?rest_route=\/wp\/v2\/posts\/560894\/revisions"}],"wp:featuredmedia":[{"embeddable":true,"href":"https:\/\/villanews.com.br\/index.php?rest_route=\/wp\/v2\/media\/556789"}],"wp:attachment":[{"href":"https:\/\/villanews.com.br\/index.php?rest_route=%2Fwp%2Fv2%2Fmedia&parent=560894"}],"wp:term":[{"taxonomy":"category","embeddable":true,"href":"https:\/\/villanews.com.br\/index.php?rest_route=%2Fwp%2Fv2%2Fcategories&post=560894"},{"taxonomy":"post_tag","embeddable":true,"href":"https:\/\/villanews.com.br\/index.php?rest_route=%2Fwp%2Fv2%2Ftags&post=560894"}],"curies":[{"name":"wp","href":"https:\/\/api.w.org\/{rel}","templated":true}]}}