{"id":560775,"date":"2026-07-16T15:11:36","date_gmt":"2026-07-16T19:11:36","guid":{"rendered":"https:\/\/villanews.com.br\/?p=560775"},"modified":"2026-07-16T15:11:36","modified_gmt":"2026-07-16T19:11:36","slug":"mauro-vieira-diz-que-eua-se-incomodam-por-brasil-nao-se-curvar-a-exigencias-de-trump","status":"publish","type":"post","link":"https:\/\/villanews.com.br\/?p=560775","title":{"rendered":"Mauro Vieira diz que EUA se incomodam por Brasil n\u00e3o se curvar a exig\u00eancias de Trump"},"content":{"rendered":"<div class=\"postBody-module-scss-module__8_WGKG__postBodyContainer\">\n<p>O ministro Mauro Vieira, das Rela\u00e7\u00f5es Exteriores, afirmou nesta quinta-feira (16) que os <a href=\"https:\/\/www.gazetadopovo.com.br\/mundo\/governo-trump-oficializa-novo-tarifaco-ao-brasil-por-praticas-comerciais-desleais\/\">Estados Unidos decidiram impor um novo tarifa\u00e7o de 25%<\/a> por um inc\u00f4modo de que o Brasil n\u00e3o se curvou a exig\u00eancias e demandas feitas pelo governo do presidente Donald Trump. A confirma\u00e7\u00e3o da nova sobretaxa foi anunciada na v\u00e9spera e entra em vigor no pr\u00f3ximo dia 22.<\/p>\n<p>A justificativa para o novo tarifa\u00e7o foi dada por Vieira em um pronunciamento no Pal\u00e1cio Itamaraty, em Bras\u00edlia, ap\u00f3s uma longa reuni\u00e3o com o presidente <a href=\"https:\/\/www.gazetadopovo.com.br\/tudo-sobre\/lula\/\">Luiz In\u00e1cio Lula da Silva<\/a> (PT) e os ministros Dario Durigan (Fazenda), Miriam Belchior (Casa Civil) e M\u00e1rcio Elias Rosa (Desenvolvimento, Ind\u00fastria e Com\u00e9rcio).<\/p>\n<p>\u201cO que incomoda o governo dos Estados Unidos \u00e9 o fato de o Brasil n\u00e3o ter se curvado \u00e0s pretens\u00f5es desmedidas e \u00e0s demandas irrazo\u00e1veis apresentadas durante o curso das negocia\u00e7\u00f5es. [&#8230;] Em outras palavras, exigiam uma capitula\u00e7\u00e3o\u201d, disparou o ministro.<\/p>\n<p>VEJA TAMB\u00c9M:<\/p>\n<p>Mauro Vieira ressaltou que foram realizadas mais de 30 reuni\u00f5es presenciais, virtuais e por telefone com autoridades dos Estados Unidos desde antes do primeiro tarifa\u00e7o de 50% imposto no ano passado, sendo 11 delas diretamente com o secret\u00e1rio de Estado, Marco Rubio, e com o representante de Com\u00e9rcio americano, Jamieson Greer. Tamb\u00e9m somaram as conversas entre Lula e Trump.<\/p>\n<p>\u201cAs investiga\u00e7\u00f5es da Se\u00e7\u00e3o 301 s\u00e3o procedimentos unilaterais do governo dos Estados Unidos e n\u00e3o h\u00e1 justificativa para a ado\u00e7\u00e3o de tarifas contra os produtos brasileiros. [&#8230;] Apesar da motiva\u00e7\u00e3o pol\u00edtica, o governo brasileiro participou ativamente na investiga\u00e7\u00e3o, pelos canais diretos de interlocu\u00e7\u00e3o entre governos, desde a abertura do processo, em 15 de julho de 2025\u201d, completou.<\/p>\n<p>O ministro ressaltou que os Estados Unidos exigiram do Brasil demandas consideradas inaceit\u00e1veis durante as negocia\u00e7\u00f5es comerciais, como a abertura total, irrestrita e exclusiva ao pa\u00eds de setores inteiros da economia sem qualquer contrapartida para os produtos brasileiros.<\/p>\n<p>VEJA TAMB\u00c9M:<\/p>\n<p>Na avalia\u00e7\u00e3o de Vieira, a situa\u00e7\u00e3o se agravou ap\u00f3s a carta enviada por Donald Trump ao presidente Lula em 9 de julho de 2025, em que o governo justificou o tarifa\u00e7o de 50% \u201cpor expressa motiva\u00e7\u00e3o pol\u00edtica em tentativa de interfer\u00eancia no poder Judici\u00e1rio brasileiro\u201d, em rela\u00e7\u00e3o ao processo contra o ex-presidente <a href=\"https:\/\/www.gazetadopovo.com.br\/tudo-sobre\/jair-bolsonaro\/\">Jair Bolsonaro <\/a>(PL) na investiga\u00e7\u00e3o da suposta tentativa de golpe de Estado ap\u00f3s as elei\u00e7\u00f5es de 2022.<\/p>\n<p>Ainda durante o pronunciamento, o ministro Mauro Vieira criticou duramente uma <a href=\"https:\/\/www.gazetadopovo.com.br\/mundo\/marco-rubio-acusa-lula-de-colocar-ego-acima-dos-brasileiros-apos-novo-tarifaco\/\">declara\u00e7\u00e3o recente de Rubio em rela\u00e7\u00e3o ao presidente Lula<\/a>, de que o petista teria colocado seu \u201cego \u00e0 frente de fechar um acordo pelo bem-estar do povo brasileiro\u201d.<\/p>\n<p>\u201cAs declara\u00e7\u00f5es do Secret\u00e1rio de Estado Marco Rubio veiculadas na madrugada de hoje nas redes sociais a respeito das tarifas adotadas contra o Brasil s\u00e3o inaceit\u00e1veis e ofensivas ao povo brasileiro e ao governo brasileiro. Rubio ataca, de forma grosseira e arrogante, o chefe de Estado de um pa\u00eds amigo\u201d, afirmou.<\/p>\n<p>Uma nova entrevista coletiva com os ministros da reuni\u00e3o da manh\u00e3 com Lula est\u00e1 marcada para esta tarde. H\u00e1 a expectativa de que o governo reforce as cr\u00edticas ao tarifa\u00e7o e que medidas de apoio \u00e0 ind\u00fastria nacional sejam mencionadas, al\u00e9m da continuidade das tratativas com autoridades dos Estados Unidos.<\/p>\n<\/div>\n<p>\u00a0<\/p>","protected":false},"excerpt":{"rendered":"<p>O ministro Mauro Vieira, das Rela\u00e7\u00f5es Exteriores, afirmou nesta quinta-feira (16) que os Estados Unidos decidiram impor um novo tarifa\u00e7o&hellip;<\/p>\n","protected":false},"author":4,"featured_media":559564,"comment_status":"open","ping_status":"open","sticky":false,"template":"","format":"standard","meta":{"footnotes":""},"categories":[190],"tags":[],"class_list":["post-560775","post","type-post","status-publish","format-standard","has-post-thumbnail","hentry","category-economia"],"_links":{"self":[{"href":"https:\/\/villanews.com.br\/index.php?rest_route=\/wp\/v2\/posts\/560775","targetHints":{"allow":["GET"]}}],"collection":[{"href":"https:\/\/villanews.com.br\/index.php?rest_route=\/wp\/v2\/posts"}],"about":[{"href":"https:\/\/villanews.com.br\/index.php?rest_route=\/wp\/v2\/types\/post"}],"author":[{"embeddable":true,"href":"https:\/\/villanews.com.br\/index.php?rest_route=\/wp\/v2\/users\/4"}],"replies":[{"embeddable":true,"href":"https:\/\/villanews.com.br\/index.php?rest_route=%2Fwp%2Fv2%2Fcomments&post=560775"}],"version-history":[{"count":0,"href":"https:\/\/villanews.com.br\/index.php?rest_route=\/wp\/v2\/posts\/560775\/revisions"}],"wp:featuredmedia":[{"embeddable":true,"href":"https:\/\/villanews.com.br\/index.php?rest_route=\/wp\/v2\/media\/559564"}],"wp:attachment":[{"href":"https:\/\/villanews.com.br\/index.php?rest_route=%2Fwp%2Fv2%2Fmedia&parent=560775"}],"wp:term":[{"taxonomy":"category","embeddable":true,"href":"https:\/\/villanews.com.br\/index.php?rest_route=%2Fwp%2Fv2%2Fcategories&post=560775"},{"taxonomy":"post_tag","embeddable":true,"href":"https:\/\/villanews.com.br\/index.php?rest_route=%2Fwp%2Fv2%2Ftags&post=560775"}],"curies":[{"name":"wp","href":"https:\/\/api.w.org\/{rel}","templated":true}]}}