{"id":560496,"date":"2026-07-16T21:35:26","date_gmt":"2026-07-17T01:35:26","guid":{"rendered":"https:\/\/villanews.com.br\/?p=560496"},"modified":"2026-07-16T21:35:26","modified_gmt":"2026-07-17T01:35:26","slug":"com-bandeira-do-brasil-lula-diz-que-governo-nao-vacilara-na-defesa-da-soberania","status":"publish","type":"post","link":"https:\/\/villanews.com.br\/?p=560496","title":{"rendered":"Com bandeira do Brasil, Lula diz que governo \u201cn\u00e3o vacilar\u00e1\u201d na defesa da soberania"},"content":{"rendered":"<div class=\"postBody-module-scss-module__8_WGKG__postBodyContainer\">\n<p>O presidente Luiz In\u00e1cio Lula da Silva (PT) voltou a se manifestar nesta quinta-feira (16) sobre a crise diplom\u00e1tica e comercial entre Brasil e Estados Unidos, ap\u00f3s o an\u00fancio do<a href=\"https:\/\/www.gazetadopovo.com.br\/mundo\/governo-trump-oficializa-novo-tarifaco-ao-brasil-por-praticas-comerciais-desleais\/\"> novo tarifa\u00e7o<\/a>. Em publica\u00e7\u00f5es nas redes sociais, o petista afirmou que o pa\u00eds &#8220;n\u00e3o vacilar\u00e1 no dever de defender e preservar nossa soberania&#8221;.<\/p>\n<p>A mensagem foi acompanhada de uma imagem da m\u00e3o de Lula sobre a bandeira brasileira, com a frase: \u201cProteger a nossa soberania \u00e9 uma obriga\u00e7\u00e3o que est\u00e1 acima de todos os partidos e todas as tend\u00eancias. O governo brasileiro n\u00e3o vacilar\u00e1 em seu dever de preserv\u00e1-la\u201d. (<em>Veja abaixo<\/em>)<\/p>\n<p>Ap\u00f3s uma reuni\u00e3o com Lula, o vice-presidente Geraldo Alckmin (PSB) e ministros do governo realizaram uma <a href=\"https:\/\/www.gazetadopovo.com.br\/republica\/tarifaco-governo-lula-reitera-acusacoes-contra-os-eua-e-ameaca-reciprocidade\/\">coletiva de imprensa<\/a> para rebater as acusa\u00e7\u00f5es dos EUA e anunciar medidas de apoio aos setores afetados.<\/p>\n<p>VEJA TAMB\u00c9M:<\/p>\n<p>O presidente compartilhou um trecho da coletiva, no qual o ministro da Fazenda, Dario Durigan, alfineta o pr\u00e9-candidato do PL \u00e0 Presid\u00eancia, senador Fl\u00e1vio Bolsonaro.<\/p>\n<p>&#8220;A pol\u00edtica econ\u00f4mica de um pa\u00eds \u00e9 feita para os seus cidad\u00e3os, n\u00e3o para atender o secret\u00e1rio de Estado de outro pa\u00eds, sinalizando com programa de governo de transi\u00e7\u00e3o para suas prioridades estrangeiras\u201d, disse Durigan no v\u00eddeo.<\/p>\n<p><img decoding=\"async\" src=\"https:\/\/media.gazetadopovo.com.br\/2026\/07\/16222207\/lula-tarifaco-eua-1.jpg.webp\" \/><i>Lula refor\u00e7a discurso em defesa da soberania em meio ao novo tarifa\u00e7o.  (Foto: Reprodu\u00e7\u00e3o\/Instagram\/@lulaoficial)<\/i><\/p>\n<p>Antes da formaliza\u00e7\u00e3o do tarifa\u00e7o, Fl\u00e1vio enviou uma carta ao Secret\u00e1rio de Estado americano, Marco Rubio, pedindo que as tarifas n\u00e3o fossem aplicadas e colocando sua equipe de transi\u00e7\u00e3o, caso ven\u00e7a as elei\u00e7\u00f5es, <a href=\"https:\/\/www.gazetadopovo.com.br\/republica\/flavio-bolsonaro-envia-carta-a-marco-rubio-para-tentar-barrar-tarifaco-contra-o-brasil\/\">&#8220;imediatamente \u00e0 disposi\u00e7\u00e3o&#8221;<\/a> do governo Trump.<\/p>\n<p>Durigan ressaltou que o tarifa\u00e7o foi baseado em \u201cmotiva\u00e7\u00e3o falsa\u201d e que a medida \u201cfere o senso mais b\u00e1sico do nosso patriotismo, em especial quando a oposi\u00e7\u00e3o brasileira usa isso de muleta eleitoral, sem considerar os interesses do nosso povo\u201d.<\/p>\n<p>Nesta madrugada, Rubio acusou Lula de colocar <a href=\"https:\/\/www.gazetadopovo.com.br\/mundo\/marco-rubio-acusa-lula-de-colocar-ego-acima-dos-brasileiros-apos-novo-tarifaco\/\">\u201cseu ego\u201d<\/a> acima de um poss\u00edvel acordo. O ministro das Rela\u00e7\u00f5es Exteriores, Mauro Vieira, afirmou que a conduta do secret\u00e1rio americano foi <a href=\"https:\/\/www.gazetadopovo.com.br\/republica\/mauro-vieira-eua-se-incomodam-brasil-nao-se-curvar-exigencias-trump\/\">\u201cgrosseira e arrogante\u201d<\/a>.<\/p>\n<p>\u201cAs declara\u00e7\u00f5es do Secret\u00e1rio de Estado Marco Rubio veiculadas na madrugada de hoje nas redes sociais a respeito das tarifas adotadas contra o Brasil s\u00e3o inaceit\u00e1veis e ofensivas ao povo brasileiro e ao governo brasileiro. Rubio ataca, de forma grosseira e arrogante, o chefe de Estado de um pa\u00eds amigo\u201d, disse o chanceler.<\/p>\n<p>O presidente tamb\u00e9m compartilhou o pronunciamento de Vieira, refor\u00e7ando que o governo buscou o di\u00e1logo e tentou negociar. \u201cApontamos que n\u00e3o h\u00e1 justificativa para as tarifas anunciadas. N\u00e3o vamos abrir m\u00e3o de defender o nosso Pix, a nossa soberania e os produtores brasileiros\u201d, disse Lula na publica\u00e7\u00e3o.<\/p>\n<p>Desde o primeiro tarifa\u00e7o, aplicado em julho de 2025, Lula tem adotado um discurso de defesa da soberania nacional. O governo citou a possibilidade de aplica\u00e7\u00e3o da <a href=\"https:\/\/www.gazetadopovo.com.br\/republica\/governo-anuncia-retaliacao-ao-tarifaco-dos-eua-e-culpa-familia-bolsonaro\/\">Lei da Reciprocidade<\/a>, sancionada neste ano, caso as negocia\u00e7\u00f5es com Washington n\u00e3o avancem.<\/p>\n<p>VEJA TAMB\u00c9M:<\/p>\n<\/div>","protected":false},"excerpt":{"rendered":"<p>O presidente Luiz In\u00e1cio Lula da Silva (PT) voltou a se manifestar nesta quinta-feira (16) sobre a crise diplom\u00e1tica e&hellip;<\/p>\n","protected":false},"author":4,"featured_media":560192,"comment_status":"open","ping_status":"open","sticky":false,"template":"","format":"standard","meta":{"footnotes":""},"categories":[204],"tags":[],"class_list":["post-560496","post","type-post","status-publish","format-standard","has-post-thumbnail","hentry","category-ultimas-noticias"],"_links":{"self":[{"href":"https:\/\/villanews.com.br\/index.php?rest_route=\/wp\/v2\/posts\/560496","targetHints":{"allow":["GET"]}}],"collection":[{"href":"https:\/\/villanews.com.br\/index.php?rest_route=\/wp\/v2\/posts"}],"about":[{"href":"https:\/\/villanews.com.br\/index.php?rest_route=\/wp\/v2\/types\/post"}],"author":[{"embeddable":true,"href":"https:\/\/villanews.com.br\/index.php?rest_route=\/wp\/v2\/users\/4"}],"replies":[{"embeddable":true,"href":"https:\/\/villanews.com.br\/index.php?rest_route=%2Fwp%2Fv2%2Fcomments&post=560496"}],"version-history":[{"count":0,"href":"https:\/\/villanews.com.br\/index.php?rest_route=\/wp\/v2\/posts\/560496\/revisions"}],"wp:featuredmedia":[{"embeddable":true,"href":"https:\/\/villanews.com.br\/index.php?rest_route=\/wp\/v2\/media\/560192"}],"wp:attachment":[{"href":"https:\/\/villanews.com.br\/index.php?rest_route=%2Fwp%2Fv2%2Fmedia&parent=560496"}],"wp:term":[{"taxonomy":"category","embeddable":true,"href":"https:\/\/villanews.com.br\/index.php?rest_route=%2Fwp%2Fv2%2Fcategories&post=560496"},{"taxonomy":"post_tag","embeddable":true,"href":"https:\/\/villanews.com.br\/index.php?rest_route=%2Fwp%2Fv2%2Ftags&post=560496"}],"curies":[{"name":"wp","href":"https:\/\/api.w.org\/{rel}","templated":true}]}}