{"id":560292,"date":"2026-07-16T17:51:56","date_gmt":"2026-07-16T21:51:56","guid":{"rendered":"https:\/\/villanews.com.br\/?p=560292"},"modified":"2026-07-16T17:51:56","modified_gmt":"2026-07-16T21:51:56","slug":"fachin-reage-a-criticas-dos-eua-e-diz-que-stf-nao-aceitara-pressao-externa","status":"publish","type":"post","link":"https:\/\/villanews.com.br\/?p=560292","title":{"rendered":"Fachin reage a cr\u00edticas dos EUA e diz que STF n\u00e3o aceitar\u00e1 press\u00e3o externa"},"content":{"rendered":"<div class=\"postLayout-module-scss-module__08MJ-a__postContent\"><img decoding=\"async\" src=\"https:\/\/media.gazetadopovo.com.br\/2026\/07\/16183704\/fachin-1.jpg.webp\" \/><span>Posicionamento do STF foi divulgado ap\u00f3s os EUA associarem decis\u00f5es do Judici\u00e1rio brasileiro \u00e0 imposi\u00e7\u00e3o do novo tarifa\u00e7o. (Foto: Fellipe Sampaio\/STF)<\/span>\n<p>Ou\u00e7a este conte\u00fado<\/p>\n<p>Apura\u00e7\u00e3o em andamento<\/p>\n<div class=\"postBody-module-scss-module__8_WGKG__postBodyContainer\">\n<p>O presidente do Supremo Tribunal Federal (STF), Edson Fachin, divulgou nesta quinta-feira (16) uma nota oficial em resposta a cr\u00edticas dos Estados Unidos a respeito de decis\u00f5es da Corte. O ministro refor\u00e7ou que o STF n\u00e3o aceitar\u00e1 press\u00e3o externa.<\/p>\n<p>A rea\u00e7\u00e3o ocorre ap\u00f3s a imposi\u00e7\u00e3o de um novo tarifa\u00e7o de 25% sobre produtos brasileiros. O governo de Donald Trump citou que decis\u00f5es do Judici\u00e1rio brasileiro seriam um dos motivos para a nova tarifa.<\/p>\n<p>Sem citar os EUA ou Trump diretamente, Fachin disse que as diverg\u00eancias entre Estados devem ser conduzidas pelos canais diplom\u00e1ticos, \u201cjamais por iniciativas que possam ser interpretadas como forma de constrangimento ao exerc\u00edcio da jurisdi\u00e7\u00e3o constitucional\u201d.<\/p>\n<p>&#8220;O Supremo Tribunal Federal reafirma que exerce suas compet\u00eancias exclusivamente por for\u00e7a da Constitui\u00e7\u00e3o da Rep\u00fablica Federativa do Brasil. Suas decis\u00f5es s\u00e3o p\u00fablicas, fundamentadas, submetidas unicamente ao imp\u00e9rio da Constitui\u00e7\u00e3o e das leis brasileiras&#8221;, afirmou.<\/p>\n<p>A Corte ressaltou que respeita a autonomia das institui\u00e7\u00f5es de todas as na\u00e7\u00f5es e que &#8220;espera igual respeito \u00e0s institui\u00e7\u00f5es da Rep\u00fablica Federativa do Brasil&#8221;.<\/p>\n<p>Fachin afirmou que o Supremo atuar\u00e1 &#8220;sem qualquer influ\u00eancia, press\u00e3o ou condicionamento de natureza externa, preservando a integridade da ordem constitucional, a separa\u00e7\u00e3o dos Poderes, a democracia e o Estado de Direito&#8221;.<\/p>\n<p>Em julho de 2025, Trump imp\u00f4s um tarifa\u00e7o de 50% contra o Brasil, suspendeu os vistos americanos de autoridades brasileiras e determinou a a inclus\u00e3o do ministro Alexandre de Moraes na Lei Magnitsky.<\/p>\n<p>A restri\u00e7\u00e3o dos vistos atingiu tamb\u00e9m os ministros Dias Toffoli, Cristiano Zanin, Fl\u00e1vio Dino, C\u00e1rmen L\u00facia, Lu\u00eds Roberto Barroso (hoje aposentado) e o pr\u00f3prio Fachin.<\/p>\n<p>Na ocasi\u00e3o, o governo dos EUA criticou o julgamento do ex-presidente Jair Bolsonaro (PL) pela suposta tentativa de golpe de Estado e as decis\u00f5es de Moraes contra <em>big techs<\/em>.<\/p>\n<h2>Veja a \u00edntegra da nota do STF<\/h2>\n<p class=\"postParagraph-module-scss-module__Tp8H3W__postParagraph postParagraph-module-scss-module__Tp8H3W__postParagraphInnerHtml\"><em>&#8220;Diante de manifesta\u00e7\u00f5es recentes no plano internacional, em documentos oficiais do Governo dos Estados Unidos da Am\u00e9rica, a respeito de decis\u00f5es judiciais brasileiras, o Supremo Tribunal Federal presta os seguintes esclarecimentos, com o exclusivo prop\u00f3sito de assegurar a correta compreens\u00e3o do conte\u00fado, do alcance e dos limites de sua jurisprud\u00eancia:<\/em><\/p>\n<p class=\"postParagraph-module-scss-module__Tp8H3W__postParagraph postParagraph-module-scss-module__Tp8H3W__postParagraphInnerHtml\"><em>O Supremo Tribunal Federal reafirma que exerce suas compet\u00eancias exclusivamente por for\u00e7a da Constitui\u00e7\u00e3o da Rep\u00fablica Federativa do Brasil. Suas decis\u00f5es s\u00e3o p\u00fablicas, fundamentadas, submetidas unicamente ao imp\u00e9rio da Constitui\u00e7\u00e3o e das leis brasileiras.<\/em><\/p>\n<p class=\"postParagraph-module-scss-module__Tp8H3W__postParagraph postParagraph-module-scss-module__Tp8H3W__postParagraphInnerHtml\"><em>A independ\u00eancia do Poder Judici\u00e1rio constitui princ\u00edpio estruturante do Estado Democr\u00e1tico de Direito e garantia fundamental da cidadania. \u00c9 a salvaguarda indispens\u00e1vel da liberdade, da igualdade e da prote\u00e7\u00e3o dos direitos fundamentais de todas as pessoas.<\/em><\/p>\n<p class=\"postParagraph-module-scss-module__Tp8H3W__postParagraph postParagraph-module-scss-module__Tp8H3W__postParagraphInnerHtml\"><em>O respeito \u00e0 independ\u00eancia judicial \u00e9 par\u00e2metro incontorn\u00e1vel a orientar tamb\u00e9m as rela\u00e7\u00f5es entre Estados soberanos e entre suas institui\u00e7\u00f5es. O Supremo Tribunal Federal respeita a autonomia das institui\u00e7\u00f5es de todas as na\u00e7\u00f5es e espera igual respeito \u00e0s institui\u00e7\u00f5es da Rep\u00fablica Federativa do Brasil. <\/em><\/p>\n<p class=\"postParagraph-module-scss-module__Tp8H3W__postParagraph postParagraph-module-scss-module__Tp8H3W__postParagraphInnerHtml\"><em>Diverg\u00eancias entre Estados devem ser conduzidas pelos canais diplom\u00e1ticos e pelos mecanismos pr\u00f3prios do Direito Internacional, jamais por iniciativas que possam ser interpretadas como forma de constrangimento ao exerc\u00edcio da jurisdi\u00e7\u00e3o constitucional.<\/em><\/p>\n<p class=\"postParagraph-module-scss-module__Tp8H3W__postParagraph postParagraph-module-scss-module__Tp8H3W__postParagraphInnerHtml\"><em>O Supremo Tribunal Federal permanecer\u00e1 exercendo, com serenidade, independ\u00eancia e firmeza, a miss\u00e3o que lhe foi confiada pela Constitui\u00e7\u00e3o da Rep\u00fablica, sem qualquer influ\u00eancia, press\u00e3o ou condicionamento de natureza externa, preservando a integridade da ordem constitucional, a separa\u00e7\u00e3o dos Poderes, a democracia e o Estado de Direito.&#8221;<\/em><\/p>\n<\/div>\n<p>Encontrou algo errado na mat\u00e9ria?<\/p>\n<p>Comunique erros<\/p>\n<p>Use este espa\u00e7o apenas para a comunica\u00e7\u00e3o de erros<\/p>\n<\/div>","protected":false},"excerpt":{"rendered":"<p>Posicionamento do STF foi divulgado ap\u00f3s os EUA associarem decis\u00f5es do Judici\u00e1rio brasileiro \u00e0 imposi\u00e7\u00e3o do novo tarifa\u00e7o. (Foto: Fellipe&hellip;<\/p>\n","protected":false},"author":4,"featured_media":559822,"comment_status":"open","ping_status":"open","sticky":false,"template":"","format":"standard","meta":{"footnotes":""},"categories":[204],"tags":[],"class_list":["post-560292","post","type-post","status-publish","format-standard","has-post-thumbnail","hentry","category-ultimas-noticias"],"_links":{"self":[{"href":"https:\/\/villanews.com.br\/index.php?rest_route=\/wp\/v2\/posts\/560292","targetHints":{"allow":["GET"]}}],"collection":[{"href":"https:\/\/villanews.com.br\/index.php?rest_route=\/wp\/v2\/posts"}],"about":[{"href":"https:\/\/villanews.com.br\/index.php?rest_route=\/wp\/v2\/types\/post"}],"author":[{"embeddable":true,"href":"https:\/\/villanews.com.br\/index.php?rest_route=\/wp\/v2\/users\/4"}],"replies":[{"embeddable":true,"href":"https:\/\/villanews.com.br\/index.php?rest_route=%2Fwp%2Fv2%2Fcomments&post=560292"}],"version-history":[{"count":0,"href":"https:\/\/villanews.com.br\/index.php?rest_route=\/wp\/v2\/posts\/560292\/revisions"}],"wp:featuredmedia":[{"embeddable":true,"href":"https:\/\/villanews.com.br\/index.php?rest_route=\/wp\/v2\/media\/559822"}],"wp:attachment":[{"href":"https:\/\/villanews.com.br\/index.php?rest_route=%2Fwp%2Fv2%2Fmedia&parent=560292"}],"wp:term":[{"taxonomy":"category","embeddable":true,"href":"https:\/\/villanews.com.br\/index.php?rest_route=%2Fwp%2Fv2%2Fcategories&post=560292"},{"taxonomy":"post_tag","embeddable":true,"href":"https:\/\/villanews.com.br\/index.php?rest_route=%2Fwp%2Fv2%2Ftags&post=560292"}],"curies":[{"name":"wp","href":"https:\/\/api.w.org\/{rel}","templated":true}]}}