{"id":560152,"date":"2026-07-16T19:13:02","date_gmt":"2026-07-16T23:13:02","guid":{"rendered":"https:\/\/villanews.com.br\/?p=560152"},"modified":"2026-07-16T19:13:02","modified_gmt":"2026-07-16T23:13:02","slug":"selecao-brasileira-de-ginastica-ritmica-e-convocada-para-mundial","status":"publish","type":"post","link":"https:\/\/villanews.com.br\/?p=560152","title":{"rendered":"Sele\u00e7\u00e3o brasileira de gin\u00e1stica r\u00edtmica \u00e9 convocada para Mundial"},"content":{"rendered":"<article class=\"mb-12\">\n<h2>Evento em agosto em Frankfurt, na Alemanha, distribui primeiras vagas para os Jogos Ol\u00edmpicos LA28<\/h2>\n<p><img decoding=\"async\" src=\"https:\/\/media-manager.noticiasaominuto.com.br\/960\/naom_6a594a3c5ad5c.webp?crop_params=eyJsYW5kc2NhcGUiOnsiY3JvcFdpZHRoIjoyNTYyLCJjcm9wSGVpZ2h0IjoxNDQxLCJjcm9wWCI6LTEsImNyb3BZIjo0Nn19\" \/><\/p>\n<p>\u00a9 Getty Images<\/p>\n<p><img decoding=\"async\" src=\"https:\/\/noticiasaominutobr-img.com\/team\/naom.png\" \/><\/p>\n<p><span><br \/>\n                    16\/07\/2026 20:13 \u2027<br \/>\n                    h\u00e1 1 hora<br \/>\n                    por Ag\u00eancia Brasil<br \/>\n                <\/span><\/p>\n<p>\n                        Esporte\n                    <\/p>\n<p>\n                                                    gin\u00e1stica r\u00edtmica\n                                            <\/p>\n<div class=\"article-content mb-24 font-slab text-paragraph font-light\">\n<p><span>A<\/span> Confedera\u00e7\u00e3o Brasileira de Gin\u00e1stica (CBF) definiu nesta quinta-feira (16) a lista de convocadas para o Mundial de Gin\u00e1stica R\u00edtmica, em Frankfurt (Alemanha), que distribuir\u00e1 seis vagas para a Olimp\u00edada de Los Angeles 2028 (LA28) \u2013 metade delas destinada \u00e0 disputa de conjunto e o restante \u00e0 competi\u00e7\u00e3o individual. A Amarelinha chega embalada ao evento, ap\u00f3s bons resultados no primeiro semestre deste ano.\u00a0O Mundial ocorrer\u00e1 de 12 a 16 de agosto.<\/p>\n<p>                                                                    \u00a0<\/p>\n<p>\u00a0A t\u00e9cnica Camila Ferezin manteve boa parte do time que arrematou ouro e prata na etapa da Copa do Mundo de Mil\u00e3o It\u00e1lia), no \u00faltimo fim de semana. Entre as convocadas est\u00e3o Maria Eduarda Arakaki, Julia Kurunczi, Maria Paula Caminha, Nicole P\u00edrcio e Sofia Madeira Pereira. Confira a lista completa ao fim do texto.<\/p>\n<blockquote>\n<p>\u00a0<\/p>\n<p>\u00a0<br \/>\n\u00a0<\/p>\n<p>\u00a0<\/p>\n<p><a href=\"https:\/\/www.instagram.com\/p\/Daqxgg1AcpG\/?utm_source=ig_embed&amp;utm_campaign=loading\">Ver essa foto no Instagram<\/a><\/p>\n<\/blockquote>\n<p>Na competi\u00e7\u00e3o individual, o Brasil ser\u00e1 representado pelas ginastas B\u00e1rbara Domingos (Babi), Geovanna Santos da Silva (Joj\u00f4) e Maria Eduarda Alexandre. Em junho, o Brasil faturou oito medalhas no Pan-Americano de Gin\u00e1stica, no Rio de Janeiro, sendo tr\u00eas delas de ouro. Joj\u00f4 foi campe\u00e3 no arco e na fita, e Babi nas ma\u00e7as.<\/p>\n<p>Na edi\u00e7\u00e3o do Mundial do ano passado, tamb\u00e9m no Rio, o conjunto brasileiro amealhou duas pratas.<\/p>\n<p><span>Convocadas<\/span><\/p>\n<h3>CONJUNTO<\/h3>\n<p>Julia Kurunczi (UNOPAR-PR)<\/p>\n<p>Maria Eduarda Arakaki (Marista de Macei\u00f3-AL)<\/p>\n<p>Maria Paula Caminha (GORBA-BA)<\/p>\n<p>Mariana Vit\u00f3ria Pinto (AGIR-PR)<\/p>\n<p>Nicole P\u00edrcio (UNOPAR-PR)<\/p>\n<p>Sofia Madeira (INCESP-ES)<\/p>\n<p>Reservas: Mariane Giovacchini dos Santos (Esp\u00e9ria-SP) e Renata Brum Diniz (GRM-MG)<\/p>\n<p>Treinadora: Camila Ferezin Resende<\/p>\n<p>Assistentes t\u00e9cnicas: Bruna Rosa e Reni Karachomakova<\/p>\n<h3>INDIVIDUAL<\/h3>\n<p>Barbara Domingos (AGIR-PR)<\/p>\n<p>Geovanna Santos da Silva (INCESP-ES)<\/p>\n<p>Maria Eduarda Alexandre (AGITO-PR)<\/p>\n<p>Treinadoras: Mayara Ehlke, Gizela Batista e Solange Paludo<\/p>\n<p>Leia Tamb\u00e9m: <a href=\"https:\/\/www.noticiasaominuto.com.br\/esporte\/2398130\/flamengo-aciona-orgao-regulador-e-sugere-veto-a-venda-de-saf-do-vasco\">Flamengo aciona \u00f3rg\u00e3o regulador e sugere veto \u00e0 venda de SAF do Vasco<\/a><\/p>\n<\/div>\n<p><a href=\"https:\/\/www.google.com\/preferences\/source?q=noticiasaominuto.com.br\"><\/a><\/p>\n<p><strong>Escolha o Not\u00edcias ao Minuto como fonte preferida no Google<\/strong><br \/>\n<span><br \/>\n        Receba as nossas not\u00edcias com mais destaque sempre que pesquisar no Google.<br \/>\n    <\/span> <\/p><\/article>","protected":false},"excerpt":{"rendered":"<p>Evento em agosto em Frankfurt, na Alemanha, distribui primeiras vagas para os Jogos Ol\u00edmpicos LA28 \u00a9 Getty Images 16\/07\/2026 20:13&hellip;<\/p>\n","protected":false},"author":4,"featured_media":560153,"comment_status":"open","ping_status":"open","sticky":false,"template":"","format":"standard","meta":{"footnotes":""},"categories":[6],"tags":[],"class_list":["post-560152","post","type-post","status-publish","format-standard","has-post-thumbnail","hentry","category-esportes"],"_links":{"self":[{"href":"https:\/\/villanews.com.br\/index.php?rest_route=\/wp\/v2\/posts\/560152","targetHints":{"allow":["GET"]}}],"collection":[{"href":"https:\/\/villanews.com.br\/index.php?rest_route=\/wp\/v2\/posts"}],"about":[{"href":"https:\/\/villanews.com.br\/index.php?rest_route=\/wp\/v2\/types\/post"}],"author":[{"embeddable":true,"href":"https:\/\/villanews.com.br\/index.php?rest_route=\/wp\/v2\/users\/4"}],"replies":[{"embeddable":true,"href":"https:\/\/villanews.com.br\/index.php?rest_route=%2Fwp%2Fv2%2Fcomments&post=560152"}],"version-history":[{"count":0,"href":"https:\/\/villanews.com.br\/index.php?rest_route=\/wp\/v2\/posts\/560152\/revisions"}],"wp:featuredmedia":[{"embeddable":true,"href":"https:\/\/villanews.com.br\/index.php?rest_route=\/wp\/v2\/media\/560153"}],"wp:attachment":[{"href":"https:\/\/villanews.com.br\/index.php?rest_route=%2Fwp%2Fv2%2Fmedia&parent=560152"}],"wp:term":[{"taxonomy":"category","embeddable":true,"href":"https:\/\/villanews.com.br\/index.php?rest_route=%2Fwp%2Fv2%2Fcategories&post=560152"},{"taxonomy":"post_tag","embeddable":true,"href":"https:\/\/villanews.com.br\/index.php?rest_route=%2Fwp%2Fv2%2Ftags&post=560152"}],"curies":[{"name":"wp","href":"https:\/\/api.w.org\/{rel}","templated":true}]}}