{"id":559968,"date":"2026-07-16T17:48:01","date_gmt":"2026-07-16T21:48:01","guid":{"rendered":"https:\/\/villanews.com.br\/?p=559968"},"modified":"2026-07-16T17:48:01","modified_gmt":"2026-07-16T21:48:01","slug":"o-que-explica-desejo-do-palmeiras-por-danilo-e-como-isso-afeta-andreas","status":"publish","type":"post","link":"https:\/\/villanews.com.br\/?p=559968","title":{"rendered":"O que explica desejo do Palmeiras por Danilo e como isso afeta Andreas"},"content":{"rendered":"<article class=\"mb-12\">\n<h2>Danilo foi pe\u00e7a fundamental em seis dos onze t\u00edtulos conquistados na era Abel Ferreira, e o t\u00e9cnico sonha com o dia que vai voltar a trabalhar com o jogador<\/h2>\n<p><img decoding=\"async\" src=\"https:\/\/media-manager.noticiasaominuto.com.br\/960\/naom_6a5937e29c639.webp\" \/><\/p>\n<p>\u00a9 Getty Images<\/p>\n<p><img decoding=\"async\" src=\"https:\/\/noticiasaominutobr-img.com\/team\/naom.png\" \/><\/p>\n<p><span><br \/>\n                    16\/07\/2026 18:48 \u2027<br \/>\n                    h\u00e1 1 hora<br \/>\n                    por Folhapress<br \/>\n                <\/span><\/p>\n<p>\n                        Esporte\n                    <\/p>\n<p>\n<a href=\"https:\/\/www.noticiasaominuto.com.br\/fama\/tag\/bastidores\"><br \/>\n                                Bastidores<br \/>\n                            <\/a>\n<\/p>\n<div class=\"article-content mb-24 font-slab text-paragraph font-light\">\n<p><span>S<\/span>\u00c3O PAULO, SP (UOL\/FOLHAPRESS) &#8211; A presidente Leila Pereira e o t\u00e9cnico Abel Ferreira est\u00e3o alinhados: Danilo \u00e9 o \u00fanico refor\u00e7o que interessa ao Palmeiras nesta janela de transfer\u00eancias. Se n\u00e3o conseguir contratar o volante do Botafogo, o clube n\u00e3o buscar\u00e1 outro nome no mercado. O UOL explica a &#8220;obsess\u00e3o&#8221; do Alviverde por repatriar o jogador.<\/p>\n<p>                                                                    \u00a0<\/p>\n<p>Danilo foi pe\u00e7a fundamental em seis dos onze t\u00edtulos conquistados na era Abel Ferreira, e o t\u00e9cnico sonha com o dia que vai voltar a trabalhar com o jogador. O Palmeiras negociou o meio-campista em janeiro de 2023 para o Nottingham Forest por cerca de R$ 110 milh\u00f5es.<\/p>\n<p>A reportagem apurou que tanto a comiss\u00e3o t\u00e9cnica quanto a dire\u00e7\u00e3o enxergam Danilo como a \u00fanica pe\u00e7a que falta para fechar o elenco. Se ficar sem Danilo, nenhum outro jogador chegar\u00e1 ao Alviverde.<\/p>\n<p>O Palmeiras vai enviar uma nova oferta ao Botafogo ap\u00f3s encaminhar a venda de Naves para o Necaxa, do M\u00e9xico. A primeira proposta do Alviverde foi de cerca de R$ 120 milh\u00f5es, mais a ida do defensor em definitivo -mas o neg\u00f3cio n\u00e3o aconteceu.<\/p>\n<h3>ABEL ENTENDE QUE DANILO POTENCIALIZA ANDREAS<\/h3>\n<p>A comiss\u00e3o t\u00e9cnica palmeirense \u00e9 un\u00e2nime: a melhor vers\u00e3o de Andreas Pereira na equipe foi quando ele atuou mais avan\u00e7ado, como um camisa 10.<\/p>\n<p>O problema \u00e9 que a forma que o Palmeiras joga nesta quinta-feira (16) deixa Andreas ref\u00e9m na fun\u00e7\u00e3o de camisa 8, onde Abel n\u00e3o tem um substituto \u00e0 altura (o reserva imediato \u00e9 Lucas Evangelista).<\/p>\n<p>Sendo assim, Danilo chegaria ao Alviverde para assumir a fun\u00e7\u00e3o de 8, e Abel ganharia a possibilidade de deixar Andreas mais solto para jogar.<\/p>\n<p>O meio-campista de 30 anos \u00e9 o principal gar\u00e7om do Palmeiras na temporada com 9 assist\u00eancias, mesmo atuando um pouco mais recuado.<\/p>\n<p>Leia Tamb\u00e9m: <a href=\"https:\/\/www.noticiasaominuto.com.br\/esporte\/2398051\/precisamos-deixar-o-futebol-respirar-diz-novo-chefe-dos-arbitros-da-cbf\">&#8216;Precisamos deixar o futebol respirar&#8217;, diz novo chefe dos \u00e1rbitros da CBF<\/a><\/p>\n<\/div>\n<p><a href=\"https:\/\/www.google.com\/preferences\/source?q=noticiasaominuto.com.br\"><\/a><\/p>\n<p><strong>Escolha o Not\u00edcias ao Minuto como fonte preferida no Google<\/strong><br \/>\n<span><br \/>\n        Receba as nossas not\u00edcias com mais destaque sempre que pesquisar no Google.<br \/>\n    <\/span> <\/p><\/article>","protected":false},"excerpt":{"rendered":"<p>Danilo foi pe\u00e7a fundamental em seis dos onze t\u00edtulos conquistados na era Abel Ferreira, e o t\u00e9cnico sonha com o&hellip;<\/p>\n","protected":false},"author":4,"featured_media":559969,"comment_status":"open","ping_status":"open","sticky":false,"template":"","format":"standard","meta":{"footnotes":""},"categories":[6],"tags":[],"class_list":["post-559968","post","type-post","status-publish","format-standard","has-post-thumbnail","hentry","category-esportes"],"_links":{"self":[{"href":"https:\/\/villanews.com.br\/index.php?rest_route=\/wp\/v2\/posts\/559968","targetHints":{"allow":["GET"]}}],"collection":[{"href":"https:\/\/villanews.com.br\/index.php?rest_route=\/wp\/v2\/posts"}],"about":[{"href":"https:\/\/villanews.com.br\/index.php?rest_route=\/wp\/v2\/types\/post"}],"author":[{"embeddable":true,"href":"https:\/\/villanews.com.br\/index.php?rest_route=\/wp\/v2\/users\/4"}],"replies":[{"embeddable":true,"href":"https:\/\/villanews.com.br\/index.php?rest_route=%2Fwp%2Fv2%2Fcomments&post=559968"}],"version-history":[{"count":0,"href":"https:\/\/villanews.com.br\/index.php?rest_route=\/wp\/v2\/posts\/559968\/revisions"}],"wp:featuredmedia":[{"embeddable":true,"href":"https:\/\/villanews.com.br\/index.php?rest_route=\/wp\/v2\/media\/559969"}],"wp:attachment":[{"href":"https:\/\/villanews.com.br\/index.php?rest_route=%2Fwp%2Fv2%2Fmedia&parent=559968"}],"wp:term":[{"taxonomy":"category","embeddable":true,"href":"https:\/\/villanews.com.br\/index.php?rest_route=%2Fwp%2Fv2%2Fcategories&post=559968"},{"taxonomy":"post_tag","embeddable":true,"href":"https:\/\/villanews.com.br\/index.php?rest_route=%2Fwp%2Fv2%2Ftags&post=559968"}],"curies":[{"name":"wp","href":"https:\/\/api.w.org\/{rel}","templated":true}]}}