{"id":559967,"date":"2026-07-14T15:02:17","date_gmt":"2026-07-14T19:02:17","guid":{"rendered":"https:\/\/villanews.com.br\/?p=559967"},"modified":"2026-07-14T15:02:17","modified_gmt":"2026-07-14T19:02:17","slug":"lula-sanciona-lei-que-inclui-educacao-politica-e-cidadania-no-curriculo-escolar","status":"publish","type":"post","link":"https:\/\/villanews.com.br\/?p=559967","title":{"rendered":"Lula sanciona lei que inclui educa\u00e7\u00e3o pol\u00edtica e cidadania no curr\u00edculo escolar"},"content":{"rendered":"<div class=\"postBody-module-scss-module__8_WGKG__postBodyContainer\">\n<p>O presidente Lula sancionou, nesta segunda-feira (13), a lei que torna obrigat\u00f3ria a inclus\u00e3o de conte\u00fados de educa\u00e7\u00e3o pol\u00edtica e direitos da cidadania no curr\u00edculo da educa\u00e7\u00e3o b\u00e1sica.<\/p>\n<p>De autoria da deputada federal licenciada Renata Abreu (Podemos-SP), o projeto foi aprovado pelo Senado em junho e altera a Lei de Diretrizes e Bases da Educa\u00e7\u00e3o Nacional (LDB), que estabelece as diretrizes dos curr\u00edculos escolares.<\/p>\n<p>A nova legisla\u00e7\u00e3o n\u00e3o determina, necessariamente, a cria\u00e7\u00e3o de uma disciplina espec\u00edfica de educa\u00e7\u00e3o pol\u00edtica. A exig\u00eancia \u00e9 que os temas passem a integrar, de forma obrigat\u00f3ria, o estudo da realidade social e pol\u00edtica previsto na LDB.<\/p>\n<p>Na pr\u00e1tica, os conte\u00fados poder\u00e3o ser trabalhados em disciplinas j\u00e1 existentes, como hist\u00f3ria e geografia ou por meio de projetos interdisciplinares. Redes de ensino e escolas tamb\u00e9m poder\u00e3o optar pela cria\u00e7\u00e3o de uma disciplina pr\u00f3pria.<\/p>\n<p>A medida, por\u00e9m, contrasta com diretrizes recentes da reforma do Novo Ensino M\u00e9dio, aprovada pelo Congresso Nacional, que reduziu o espa\u00e7o destinado \u00e0s disciplinas obrigat\u00f3rias na tentativa de ampliar a flexibilidade curricular.<\/p>\n<h2>Senador levanta possibilidade de vi\u00e9s ideol\u00f3gico na educa\u00e7\u00e3o<\/h2>\n<p>Durante a tramita\u00e7\u00e3o da proposta no Senado, parlamentares da oposi\u00e7\u00e3o manifestaram resist\u00eancia ao texto. Ao declarar voto contr\u00e1rio ao projeto, o senador Hamilton Mour\u00e3o (Republicanos-RS) argumentou que a medida poderia abrir espa\u00e7o para vi\u00e9s ideol\u00f3gico em sala de aula.<\/p>\n<p>\u201cQuem \u00e9 que vai ministrar essa aula? S\u00e3o aqueles docentes formados em escolas de n\u00edvel superior, onde n\u00f3s sabemos qual \u00e9 a corrente ideol\u00f3gica que predomina. N\u00f3s estaremos abrindo um flanco para uma ideologiza\u00e7\u00e3o desde a tenra idade nas nossas crian\u00e7as e adolescentes. Por isso esse projeto n\u00e3o conta com meu voto\u201d, afirmou o senador durante a sess\u00e3o.<\/p>\n<p>Os defensores da proposta, como senador Izalci Lucas (PL-DF) e senador Giordano (Podemos-SP), sustentam que a inclus\u00e3o da educa\u00e7\u00e3o pol\u00edtica e dos direitos da cidadania contribui para ampliar a compreens\u00e3o dos estudantes sobre o funcionamento das institui\u00e7\u00f5es democr\u00e1ticas, a participa\u00e7\u00e3o pol\u00edtica e o exerc\u00edcio da cidadania.<\/p>\n<p>VEJA TAMB\u00c9M:<\/p>\n<\/div>","protected":false},"excerpt":{"rendered":"<p>O presidente Lula sancionou, nesta segunda-feira (13), a lei que torna obrigat\u00f3ria a inclus\u00e3o de conte\u00fados de educa\u00e7\u00e3o pol\u00edtica e&hellip;<\/p>\n","protected":false},"author":4,"featured_media":552814,"comment_status":"open","ping_status":"open","sticky":false,"template":"","format":"standard","meta":{"footnotes":""},"categories":[241],"tags":[],"class_list":["post-559967","post","type-post","status-publish","format-standard","has-post-thumbnail","hentry","category-senado-federal"],"_links":{"self":[{"href":"https:\/\/villanews.com.br\/index.php?rest_route=\/wp\/v2\/posts\/559967","targetHints":{"allow":["GET"]}}],"collection":[{"href":"https:\/\/villanews.com.br\/index.php?rest_route=\/wp\/v2\/posts"}],"about":[{"href":"https:\/\/villanews.com.br\/index.php?rest_route=\/wp\/v2\/types\/post"}],"author":[{"embeddable":true,"href":"https:\/\/villanews.com.br\/index.php?rest_route=\/wp\/v2\/users\/4"}],"replies":[{"embeddable":true,"href":"https:\/\/villanews.com.br\/index.php?rest_route=%2Fwp%2Fv2%2Fcomments&post=559967"}],"version-history":[{"count":0,"href":"https:\/\/villanews.com.br\/index.php?rest_route=\/wp\/v2\/posts\/559967\/revisions"}],"wp:featuredmedia":[{"embeddable":true,"href":"https:\/\/villanews.com.br\/index.php?rest_route=\/wp\/v2\/media\/552814"}],"wp:attachment":[{"href":"https:\/\/villanews.com.br\/index.php?rest_route=%2Fwp%2Fv2%2Fmedia&parent=559967"}],"wp:term":[{"taxonomy":"category","embeddable":true,"href":"https:\/\/villanews.com.br\/index.php?rest_route=%2Fwp%2Fv2%2Fcategories&post=559967"},{"taxonomy":"post_tag","embeddable":true,"href":"https:\/\/villanews.com.br\/index.php?rest_route=%2Fwp%2Fv2%2Ftags&post=559967"}],"curies":[{"name":"wp","href":"https:\/\/api.w.org\/{rel}","templated":true}]}}