{"id":559921,"date":"2026-07-16T17:53:15","date_gmt":"2026-07-16T21:53:15","guid":{"rendered":"https:\/\/villanews.com.br\/?p=559921"},"modified":"2026-07-16T17:53:15","modified_gmt":"2026-07-16T21:53:15","slug":"tarifaco-de-trump-como-ego-de-lula-pode-levar-pais-a-crise","status":"publish","type":"post","link":"https:\/\/villanews.com.br\/?p=559921","title":{"rendered":"Tarifa\u00e7o de Trump: como ego de Lula pode levar pa\u00eds \u00e0 crise"},"content":{"rendered":"<div class=\"postBody-module-scss-module__8_WGKG__postBodyContainer\">\n<p>Os Estados Unidos oficializaram na noite desta quarta-feira (15) um novo tarifa\u00e7o de 25% ao Brasil que atinge alguns produtos que entram no territ\u00f3rio americano. O tarifa\u00e7o afetar\u00e1 exporta\u00e7\u00f5es brasileiras equivalentes a US$ 11 bilh\u00f5es, segundo estimativa da Amcham Brasil. Os setores de m\u00e1quinas, cal\u00e7ados e m\u00f3veis devem sofrer maior press\u00e3o, segundo fontes ouvidas pela\u00a0<strong>Gazeta do Povo<\/strong>.<\/p>\n<p>A Federa\u00e7\u00e3o das Ind\u00fastrias do Estado de S\u00e3o Paulo (FIESP) criticou, nesta quarta-feira (16), a atua\u00e7\u00e3o diplom\u00e1tica do governo de Luiz In\u00e1cio Lula da Silva (PT) e afirmou que a nova tarifa de 25% imposta pelos Estados Unidos sobre produtos brasileiros poderia ter sido evitada.<\/p>\n<p>Este ser\u00e1 o ponto de partida do <a href=\"https:\/\/www.youtube.com\/live\/OkA5KjRLUjc\">programa \u00daltima An\u00e1lise desta quinta-feira (16)<\/a>. Hoje participam do programa o escritor Francisco Escorsim, o jurista e historiador Enio Viterbo e a advogada Fabiana Barroso.<\/p>\n<h2>Moraes entre os culpados<\/h2>\n<p>O programa tamb\u00e9m vai falar a respeito da declara\u00e7\u00e3o do Escrit\u00f3rio do Representante Comercial dos Estados Unidos, que afirmou que decis\u00f5es da Justi\u00e7a brasileira contra empresas de tecnologia norte-americanas est\u00e3o entre as raz\u00f5es que levaram o governo de Donald Trump a tomar a medida.<\/p>\n<h2>Lula acusa fam\u00edlia Bolsonaro<\/h2>\n<p>Os convidados v\u00e3o analisar, ainda, a rea\u00e7\u00e3o petista. O ministro Guilherme Boulos, da Secretaria-Geral da Presid\u00eancia, convocou integrantes de um grupo chamado \u201cPorta-vozes de Lula\u201d para intensificarem publica\u00e7\u00f5es nas redes sociais responsabilizando o senador Fl\u00e1vio Bolsonaro (PL-RJ) pelo\u00a0<a href=\"https:\/\/www.gazetadopovo.com.br\/mundo\/governo-trump-oficializa-novo-tarifaco-ao-brasil-por-praticas-comerciais-desleais\/\">novo tarifa\u00e7o de 25% imposto pelos Estados Unidos sobre produtos brasileiros<\/a>.<\/p>\n<h2>Impacto divide especialistas<\/h2>\n<p>Por fim, o programa vai debater a respeito das consequ\u00eancias econ\u00f4micas da medida. Os maiores efeitos sobre a economia devem vir de poss\u00edveis custos fiscais com subs\u00eddios estatais e outras medidas para mitigar os danos econ\u00f4micos sofridos pelas ind\u00fastrias mais atingidas. O governo federal j\u00e1\u00a0<a href=\"https:\/\/www.gazetadopovo.com.br\/economia\/tarifaco-trump-brasil-reacao-governo\/\">anunciou que criar\u00e1 aux\u00edlios aos setores mais afetados pelas tarifas<\/a>.<\/p>\n<\/div>","protected":false},"excerpt":{"rendered":"<p>Os Estados Unidos oficializaram na noite desta quarta-feira (15) um novo tarifa\u00e7o de 25% ao Brasil que atinge alguns produtos&hellip;<\/p>\n","protected":false},"author":4,"featured_media":559847,"comment_status":"open","ping_status":"open","sticky":false,"template":"","format":"standard","meta":{"footnotes":""},"categories":[204],"tags":[],"class_list":["post-559921","post","type-post","status-publish","format-standard","has-post-thumbnail","hentry","category-ultimas-noticias"],"_links":{"self":[{"href":"https:\/\/villanews.com.br\/index.php?rest_route=\/wp\/v2\/posts\/559921","targetHints":{"allow":["GET"]}}],"collection":[{"href":"https:\/\/villanews.com.br\/index.php?rest_route=\/wp\/v2\/posts"}],"about":[{"href":"https:\/\/villanews.com.br\/index.php?rest_route=\/wp\/v2\/types\/post"}],"author":[{"embeddable":true,"href":"https:\/\/villanews.com.br\/index.php?rest_route=\/wp\/v2\/users\/4"}],"replies":[{"embeddable":true,"href":"https:\/\/villanews.com.br\/index.php?rest_route=%2Fwp%2Fv2%2Fcomments&post=559921"}],"version-history":[{"count":0,"href":"https:\/\/villanews.com.br\/index.php?rest_route=\/wp\/v2\/posts\/559921\/revisions"}],"wp:featuredmedia":[{"embeddable":true,"href":"https:\/\/villanews.com.br\/index.php?rest_route=\/wp\/v2\/media\/559847"}],"wp:attachment":[{"href":"https:\/\/villanews.com.br\/index.php?rest_route=%2Fwp%2Fv2%2Fmedia&parent=559921"}],"wp:term":[{"taxonomy":"category","embeddable":true,"href":"https:\/\/villanews.com.br\/index.php?rest_route=%2Fwp%2Fv2%2Fcategories&post=559921"},{"taxonomy":"post_tag","embeddable":true,"href":"https:\/\/villanews.com.br\/index.php?rest_route=%2Fwp%2Fv2%2Ftags&post=559921"}],"curies":[{"name":"wp","href":"https:\/\/api.w.org\/{rel}","templated":true}]}}